{"id":108801,"date":"2016-04-07T13:31:58","date_gmt":"2016-04-07T17:31:58","guid":{"rendered":"https:\/\/mspontocom.com.br\/site\/?p=108801"},"modified":"2016-04-07T13:35:08","modified_gmt":"2016-04-07T17:35:08","slug":"gilmar-mendes-novo-presidente-tribunal-superior-eleitoral","status":"publish","type":"post","link":"https:\/\/mspontocom.com.br\/site\/gilmar-mendes-novo-presidente-tribunal-superior-eleitoral\/","title":{"rendered":"Gilmar Mendes \u00e9 o novo presidente Tribunal Superior Eleitoral"},"content":{"rendered":"<p style=\"text-align: justify;\"><a href=\"https:\/\/mspontocom.com.br\/site\/wp-content\/uploads\/2016\/04\/gilmar.jpg\"><img loading=\"lazy\" class=\"alignleft size-full wp-image-108802\" alt=\"gilmar\" src=\"https:\/\/mspontocom.com.br\/site\/wp-content\/uploads\/2016\/04\/gilmar.jpg\" width=\"615\" height=\"300\" \/><\/a>O Plen\u00e1rio do Tribunal Superior Eleitoral <strong>(TSE)<\/strong> elegeu nesta quinta-feira (7) <strong>Gilmar Mendes<\/strong> como o novo presidente da Corte Eleitoral e Luiz Fux como vice-presidente. Eles assumem no dia 12 de Maio.<\/p>\n<p style=\"text-align: justify;\">O atual presidente Dias Toffoli fez um breve discurso onde afirmou estar alegre e satisfeito em ter Mendes como seu sucessor.<\/p>\n<p style=\"text-align: justify;\">Mendes agradeceu a confian\u00e7a nele depositada, assim como as palavras do ministro Toffoli, \u201csenti-me extremamente honrado em retornar a esta Casa e ter atuado como seu vice-presidente, podendo colaborar nessa prof\u00edcua e marcante gest\u00e3o, que todos n\u00f3s temos a satisfa\u00e7\u00e3o de reconhecer\u201d.<\/p>\n<p style=\"text-align: justify;\"><span style=\"line-height: 1.5em;\">Gilmar Mendes destacou que o Brasil enfrenta um momento de \u201ctens\u00f5es exacerbadas\u201d, e considerou que as elei\u00e7\u00f5es municipais ser\u00e3o desafiadoras, devido ao grande n\u00famero de candidatos e com a nova legisla\u00e7\u00e3o.<\/span><\/p>\n","protected":false},"excerpt":{"rendered":"<p>O Plen\u00e1rio do Tribunal Superior Eleitoral (TSE) elegeu nesta quinta-feira (7) Gilmar Mendes como o novo presidente da Corte Eleitoral e Luiz Fux como vice-presidente. Eles assumem no dia 12 de Maio. O atual presidente Dias Toffoli fez um breve discurso onde afirmou estar alegre e satisfeito em ter Mendes como seu sucessor. Mendes agradeceu [&hellip;]<\/p>\n","protected":false},"author":2,"featured_media":0,"comment_status":"open","ping_status":"open","sticky":false,"template":"","format":"standard","meta":{"_monsterinsights_skip_tracking":false,"_monsterinsights_sitenote_active":false,"_monsterinsights_sitenote_note":"","_monsterinsights_sitenote_category":0},"categories":[12],"tags":[25567,22115,5037,1350,6587,24617,154,583,25027,25566,4378],"aioseo_notices":[],"_links":{"self":[{"href":"https:\/\/mspontocom.com.br\/site\/wp-json\/wp\/v2\/posts\/108801"}],"collection":[{"href":"https:\/\/mspontocom.com.br\/site\/wp-json\/wp\/v2\/posts"}],"about":[{"href":"https:\/\/mspontocom.com.br\/site\/wp-json\/wp\/v2\/types\/post"}],"author":[{"embeddable":true,"href":"https:\/\/mspontocom.com.br\/site\/wp-json\/wp\/v2\/users\/2"}],"replies":[{"embeddable":true,"href":"https:\/\/mspontocom.com.br\/site\/wp-json\/wp\/v2\/comments?post=108801"}],"version-history":[{"count":0,"href":"https:\/\/mspontocom.com.br\/site\/wp-json\/wp\/v2\/posts\/108801\/revisions"}],"wp:attachment":[{"href":"https:\/\/mspontocom.com.br\/site\/wp-json\/wp\/v2\/media?parent=108801"}],"wp:term":[{"taxonomy":"category","embeddable":true,"href":"https:\/\/mspontocom.com.br\/site\/wp-json\/wp\/v2\/categories?post=108801"},{"taxonomy":"post_tag","embeddable":true,"href":"https:\/\/mspontocom.com.br\/site\/wp-json\/wp\/v2\/tags?post=108801"}],"curies":[{"name":"wp","href":"https:\/\/api.w.org\/{rel}","templated":true}]}}