{"id":111671,"date":"2016-07-01T07:57:39","date_gmt":"2016-07-01T11:57:39","guid":{"rendered":"https:\/\/mspontocom.com.br\/site\/?p=111671"},"modified":"2016-07-01T07:57:39","modified_gmt":"2016-07-01T11:57:39","slug":"ms-educacao-reabre-cadastro-reserva-de-professores-temporarios","status":"publish","type":"post","link":"https:\/\/mspontocom.com.br\/site\/ms-educacao-reabre-cadastro-reserva-de-professores-temporarios\/","title":{"rendered":"MS: Educa\u00e7\u00e3o reabre cadastro reserva de professores tempor\u00e1rios"},"content":{"rendered":"<p style=\"text-align: justify;\"><a href=\"https:\/\/mspontocom.com.br\/site\/wp-content\/uploads\/2016\/07\/escola.png\"><img loading=\"lazy\" class=\"alignleft size-full wp-image-111673\" alt=\"escola\" src=\"https:\/\/mspontocom.com.br\/site\/wp-content\/uploads\/2016\/07\/escola.png\" width=\"620\" height=\"465\" srcset=\"https:\/\/mspontocom.com.br\/site\/wp-content\/uploads\/2016\/07\/escola.png 620w, https:\/\/mspontocom.com.br\/site\/wp-content\/uploads\/2016\/07\/escola-260x195.png 260w\" sizes=\"(max-width: 620px) 100vw, 620px\" \/><\/a>A Secretaria de Estado de Educa\u00e7\u00e3o <strong>(SED)<\/strong> reabre, nesta sexta-feira (1\u00ba de julho), o<strong> Cadastro Reserva de Professores<\/strong> Habilitados para exerc\u00edcio, em car\u00e1ter tempor\u00e1rio, nas unidades escolares da Rede Estadual de Ensino de Mato Grosso do Sul e em projetos educacionais, para o segundo semestre de 2016.<\/p>\n<p style=\"text-align: justify;\"><span style=\"line-height: 1.5em;\">A ficha de cadastramento estar\u00e1 dispon\u00edvel no endere\u00e7o eletr\u00f4nico\u00a0<\/span><a style=\"line-height: 1.5em;\" href=\"https:\/\/www.portaldoprofessor.ms.gov.br\/\">www.portaldoprofessor.ms.gov.br<\/a><span style=\"line-height: 1.5em;\">, de 1\u00ba a 10 de julho, devendo o interessado acessar o link \u201ccadastramento de professor\u201d e seguir as instru\u00e7\u00f5es que constar\u00e3o da tela para a efetiva\u00e7\u00e3o do cadastro.<\/span><\/p>\n<p style=\"text-align: justify;\">A SED lembra que os professores j\u00e1 cadastrados no sistema no primeiro semestre de 2016 n\u00e3o\u00a0precisam refazer o cadastro.<\/p>\n<p style=\"text-align: justify;\">O edital com mais informa\u00e7\u00f5es est\u00e1 dispon\u00edvel nas p\u00e1ginas\u00a0<a href=\"https:\/\/www.spdo.ms.gov.br\/diariodoe\/Index\/Download\/42460\" target=\"_blank\">12 e 13 do Di\u00e1rio Oficial 9.195<\/a>\u00a0publicado de quinta-feira (30).<\/p>\n<p style=\"text-align: justify;\">\n","protected":false},"excerpt":{"rendered":"<p>A Secretaria de Estado de Educa\u00e7\u00e3o (SED) reabre, nesta sexta-feira (1\u00ba de julho), o Cadastro Reserva de Professores Habilitados para exerc\u00edcio, em car\u00e1ter tempor\u00e1rio, nas unidades escolares da Rede Estadual de Ensino de Mato Grosso do Sul e em projetos educacionais, para o segundo semestre de 2016. A ficha de cadastramento estar\u00e1 dispon\u00edvel no endere\u00e7o [&hellip;]<\/p>\n","protected":false},"author":2,"featured_media":111673,"comment_status":"open","ping_status":"open","sticky":false,"template":"","format":"standard","meta":{"_monsterinsights_skip_tracking":false,"_monsterinsights_sitenote_active":false,"_monsterinsights_sitenote_note":"","_monsterinsights_sitenote_category":0},"categories":[76,74],"tags":[2928,104,81,6587,2960,24007,22111,1706],"aioseo_notices":[],"_links":{"self":[{"href":"https:\/\/mspontocom.com.br\/site\/wp-json\/wp\/v2\/posts\/111671"}],"collection":[{"href":"https:\/\/mspontocom.com.br\/site\/wp-json\/wp\/v2\/posts"}],"about":[{"href":"https:\/\/mspontocom.com.br\/site\/wp-json\/wp\/v2\/types\/post"}],"author":[{"embeddable":true,"href":"https:\/\/mspontocom.com.br\/site\/wp-json\/wp\/v2\/users\/2"}],"replies":[{"embeddable":true,"href":"https:\/\/mspontocom.com.br\/site\/wp-json\/wp\/v2\/comments?post=111671"}],"version-history":[{"count":0,"href":"https:\/\/mspontocom.com.br\/site\/wp-json\/wp\/v2\/posts\/111671\/revisions"}],"wp:featuredmedia":[{"embeddable":true,"href":"https:\/\/mspontocom.com.br\/site\/wp-json\/wp\/v2\/media\/111673"}],"wp:attachment":[{"href":"https:\/\/mspontocom.com.br\/site\/wp-json\/wp\/v2\/media?parent=111671"}],"wp:term":[{"taxonomy":"category","embeddable":true,"href":"https:\/\/mspontocom.com.br\/site\/wp-json\/wp\/v2\/categories?post=111671"},{"taxonomy":"post_tag","embeddable":true,"href":"https:\/\/mspontocom.com.br\/site\/wp-json\/wp\/v2\/tags?post=111671"}],"curies":[{"name":"wp","href":"https:\/\/api.w.org\/{rel}","templated":true}]}}