{"id":111678,"date":"2016-07-01T09:21:48","date_gmt":"2016-07-01T13:21:48","guid":{"rendered":"https:\/\/mspontocom.com.br\/site\/?p=111678"},"modified":"2016-07-01T08:35:03","modified_gmt":"2016-07-01T12:35:03","slug":"faculdade-oferece-cursos-gratuitos-de-ferias-em-campo-grande","status":"publish","type":"post","link":"https:\/\/mspontocom.com.br\/site\/faculdade-oferece-cursos-gratuitos-de-ferias-em-campo-grande\/","title":{"rendered":"Faculdade oferece cursos gratuitos de f\u00e9rias em Campo Grande"},"content":{"rendered":"<p style=\"text-align: justify;\"><a href=\"https:\/\/mspontocom.com.br\/site\/wp-content\/uploads\/2016\/07\/anhanguera.jpg\"><img loading=\"lazy\" class=\"alignleft size-full wp-image-111679\" alt=\"anhanguera\" src=\"https:\/\/mspontocom.com.br\/site\/wp-content\/uploads\/2016\/07\/anhanguera.jpg\" width=\"640\" height=\"480\" srcset=\"https:\/\/mspontocom.com.br\/site\/wp-content\/uploads\/2016\/07\/anhanguera.jpg 640w, https:\/\/mspontocom.com.br\/site\/wp-content\/uploads\/2016\/07\/anhanguera-260x195.jpg 260w\" sizes=\"(max-width: 640px) 100vw, 640px\" \/><\/a>A <strong>Faculdade Anhanguera<\/strong> de Campo Grande anuncia a abertura da temporada de <strong>cursos gratuitos de f\u00e9rias,<\/strong> promovidos pelo Programa Aperfei\u00e7oar.<\/p>\n<p style=\"text-align: justify;\">As \u00a0capacita\u00e7\u00f5es, nas \u00e1reas de Gest\u00e3o, Finan\u00e7as, Carreira, Sa\u00fade e Atendimento, acontecem de 14 a 15 de julho, nos per\u00edodos vespertino e noturno, no campus da institui\u00e7\u00e3o na avenida Gury Marques.<\/p>\n<p style=\"text-align: justify;\">Os interessados podem realizar sua inscri\u00e7\u00e3o no portal:<a href=\"https:\/\/www.imcgrupo.com\/link.php?code=bDpodHRwJTNBJTJGJTJGYXBlcmZlaWNvYXIuYW5oYW5ndWVyYS5jb20lMkY6MzI1NTA2MjcyMzptc3BvbnRvY29tQGdtYWlsLmNvbTphNWM1ZGM4NDcyYzE3NWViNDlmNzIyOWFiOWNlNmFkOTU3\" target=\"_blank\">https:\/\/aperfeicoar.anhanguera.com<\/a>.<\/p>\n<p style=\"text-align: justify;\">S\u00e3o 620 vagas dispon\u00edveis para toda a comunidade e os participantes ainda receber\u00e3o certificado de conclus\u00e3o do curso.<\/p>\n<p style=\"text-align: justify;\">Veja a programa\u00e7\u00e3o completa:<\/p>\n<p style=\"text-align: justify;\"><em>14<\/em><i>\u00a0<\/i><em>de julho (segunda-feira)<\/em><i><\/p>\n<p><\/i><strong>Curso:<\/strong>Consultoria em marketing pessoal: despertando para novas possibilidades<br \/>\n<strong>Ministrante<\/strong>: Mestre em Administra\u00e7\u00e3o e especialista em Doc\u00eancia no Ensino Superior, Valeria Mazucato tamb\u00e9m possui experi\u00eancia em consultoria de empresas na \u00e1rea de Marketing empresarial, Branding e Marketing pessoal.<\/p>\n<p style=\"text-align: justify;\"><strong>Curso:<\/strong>Assist\u00eancia de enfermagem ao paciente ostomizado<br \/>\n<strong>Ministrante<\/strong>: Enfermeiro, pesquisador cl\u00ednico e especialista em Estomaterapia, Felipe Veloso tamb\u00e9m cursa p\u00f3s-gradua\u00e7\u00e3o em Cardiologia.<\/p>\n<p style=\"text-align: justify;\"><strong>Curso:<\/strong>\u00a0Controle de infec\u00e7\u00e3o em servi\u00e7os de sa\u00fade<br \/>\n<strong>Ministrante<\/strong>: Professor do curso de Enfermagem e especialista em Nefrologia, Milton C\u00e9sar Pereira \u00e9 membro permanente no Comit\u00ea Estadual de Controle de Infec\u00e7\u00e3o e Eventos Adversos e possui nove anos de atua\u00e7\u00e3o profissional.<\/p>\n<p style=\"text-align: justify;\"><strong>Curso:<\/strong>Primeiros socorros<br \/>\n<strong>Ministrante<\/strong>: Professores do curso de Enfermagem, Glauce Siqueira e Leandro Dias, respectivamente especialista em Terapia Intensiva e Cardiologia e profissional com mais de dez anos de atua\u00e7\u00e3o em terapia intensiva.<\/p>\n<p style=\"text-align: justify;\"><strong>Curso:<\/strong>Drogas vasoativas<br \/>\n<strong>Ministrante<\/strong>: Professores do curso de Enfermagem, Francis Cardoso e Leandro Dias, respectivamente especialista em Cardiologia, Educa\u00e7\u00e3o e Preceptoria do SUS, Enfermagem Cl\u00ednica Cir\u00fargica e UTI Pedi\u00e1trica e Neonatal e especialista em Educa\u00e7\u00e3o , com mais de 10 anos de atua\u00e7\u00e3o em terapia intensiva.<\/p>\n<p style=\"text-align: justify;\"><strong>Curso:<\/strong>Fisioterapia no atleta de alta performance<br \/>\n<strong>Ministrante<\/strong>: Fisioterapeuta e especialista em Fisioterapia Musculoesquel\u00e9tica, Manual e Esportiva, Wallace Moura Prado.<\/p>\n<p style=\"text-align: justify;\"><strong>Curso:<\/strong>Matem\u00e1tica financeira com o uso da HP<br \/>\n<strong>Ministrante<\/strong>: Graduado e p\u00f3s-graduado em Matem\u00e1tica, Carlos Joari Beltholdo\u00a0possui 27 anos de experi\u00eancia em ensino, atua como professor da Anhanguera, cursinho pr\u00e9-vestibular e concursos.<\/p>\n<p style=\"text-align: justify;\"><strong>Curso:<\/strong>Excel\u00eancia no atendimento ao cliente<br \/>\n<strong>Ministrante<\/strong>: Administradora, consultora de gest\u00e3o e palestrante empresarial, Francianny Beltholdo apresenta profundos\u00a0conhecimentos em marketing.<\/p>\n<p style=\"text-align: justify;\"><strong>Curso:<\/strong>Educa\u00e7\u00e3o financeira: Como lidar com a crise<br \/>\n<strong>Ministrante<\/strong>: Gerente de transportes de um grupo de varejo, formado em Gest\u00e3o de Neg\u00f3cios Internacionais e Engenharia Florestal e especialista em Gest\u00e3o de Processos e Log\u00edstica, Ary Eduardo Silva.<\/p>\n<p style=\"text-align: justify;\"><strong>Curso:<\/strong>Como elaborar um curr\u00edculo e dicas para entrevista de emprego<br \/>\n<strong>Ministrante<\/strong>: Advogada, professora mestre e coordenadora do curso de Direito, Jane Mari Paim, tamb\u00e9m formada em Letras e Jornalismo.\n<\/p>\n<p style=\"text-align: justify;\"><em>15<\/em><i>\u00a0<\/i><em>de julho (ter\u00e7a-feira)<\/em><\/p>\n<p style=\"text-align: justify;\"><strong>Curso:<\/strong>Peti\u00e7\u00e3o inicial no novo C\u00f3digo de Processo Civil<br \/>\n<strong>Ministrante<\/strong>: Advogada, professora mestre e coordenadora adjunta do curso de Direito, Isa Maria Formaggio Marques, tamb\u00e9m membro da diretoria da Escola Superior de Advocacia da Ordem dos Advogados do Brasil.<\/p>\n<p style=\"text-align: justify;\"><strong>Curso:<\/strong>Primeiro socorros (<em>parte 2<\/em>)<br \/>\n<strong>Ministrante<\/strong>: Professores do curso de Enfermagem, Glauce Siqueira e Leandro Dias, respectivamente, especialista em Terapia Intensiva e Cardiologia e profissional com mais de dez anos de atua\u00e7\u00e3o em terapia intensiva.<\/p>\n<p style=\"text-align: justify;\"><strong>Curso:<\/strong>Formata\u00e7\u00e3o de trabalhos cient\u00edficos e normas da ABNT<br \/>\n<strong>Ministrante<\/strong>: Professora de Metodologia Cient\u00edfica, mestre Amanda Ganassim.<\/p>\n<p style=\"text-align: justify;\"><strong>Curso:<\/strong>O profissional empreendedor nos momentos de crise<br \/>\n<strong>Ministrante<\/strong>: Administrador e especialista em Marketing e Com\u00e9rcio Exterior, Carlos Hoffmann atua h\u00e1 35 anos como profissional. Atualmente \u00e9 consultor, professor e gestor.<\/p>\n<p style=\"text-align: justify;\"><strong>Curso:<\/strong>Gerenciamento do escopo de projetos<br \/>\n<strong>Ministrante<\/strong>: Mestre em Administra\u00e7\u00e3o e especialista em Doc\u00eancia no Ensino Superior, Valeria Mazucato tamb\u00e9m possui experi\u00eancia em consultoria de empresas na \u00e1rea de Marketing empresarial, Branding e Marketing pessoal.<\/p>\n<p style=\"text-align: justify;\"><strong>SERVI\u00c7O:\u00a0<\/strong><b>\u00a0<\/b><br \/>\n<em>Anhanguera | Cursos gratuitos de f\u00e9rias<\/em><i>\u00a0<\/i><br \/>\n<strong>Data:<\/strong>\u00a014 a 15 de julho (quinta e sexta-feira)<br \/>\n<strong>Hor\u00e1rio:<\/strong>\u00a0a partir das 14h<br \/>\n<strong>Local:<\/strong><b>\u00a0<\/b>Faculdade Anhanguera de Campo Grande<br \/>\nAv. Gury Marques, 3203.<\/p>\n<p style=\"text-align: justify;\">\n","protected":false},"excerpt":{"rendered":"<p>A Faculdade Anhanguera de Campo Grande anuncia a abertura da temporada de cursos gratuitos de f\u00e9rias, promovidos pelo Programa Aperfei\u00e7oar. As \u00a0capacita\u00e7\u00f5es, nas \u00e1reas de Gest\u00e3o, Finan\u00e7as, Carreira, Sa\u00fade e Atendimento, acontecem de 14 a 15 de julho, nos per\u00edodos vespertino e noturno, no campus da institui\u00e7\u00e3o na avenida Gury Marques. Os interessados podem realizar [&hellip;]<\/p>\n","protected":false},"author":2,"featured_media":111679,"comment_status":"open","ping_status":"open","sticky":false,"template":"","format":"standard","meta":{"_monsterinsights_skip_tracking":false,"_monsterinsights_sitenote_active":false,"_monsterinsights_sitenote_note":"","_monsterinsights_sitenote_category":0},"categories":[4328,76],"tags":[23535,123,2394,104,4018,1972,13424,6587],"aioseo_notices":[],"_links":{"self":[{"href":"https:\/\/mspontocom.com.br\/site\/wp-json\/wp\/v2\/posts\/111678"}],"collection":[{"href":"https:\/\/mspontocom.com.br\/site\/wp-json\/wp\/v2\/posts"}],"about":[{"href":"https:\/\/mspontocom.com.br\/site\/wp-json\/wp\/v2\/types\/post"}],"author":[{"embeddable":true,"href":"https:\/\/mspontocom.com.br\/site\/wp-json\/wp\/v2\/users\/2"}],"replies":[{"embeddable":true,"href":"https:\/\/mspontocom.com.br\/site\/wp-json\/wp\/v2\/comments?post=111678"}],"version-history":[{"count":0,"href":"https:\/\/mspontocom.com.br\/site\/wp-json\/wp\/v2\/posts\/111678\/revisions"}],"wp:featuredmedia":[{"embeddable":true,"href":"https:\/\/mspontocom.com.br\/site\/wp-json\/wp\/v2\/media\/111679"}],"wp:attachment":[{"href":"https:\/\/mspontocom.com.br\/site\/wp-json\/wp\/v2\/media?parent=111678"}],"wp:term":[{"taxonomy":"category","embeddable":true,"href":"https:\/\/mspontocom.com.br\/site\/wp-json\/wp\/v2\/categories?post=111678"},{"taxonomy":"post_tag","embeddable":true,"href":"https:\/\/mspontocom.com.br\/site\/wp-json\/wp\/v2\/tags?post=111678"}],"curies":[{"name":"wp","href":"https:\/\/api.w.org\/{rel}","templated":true}]}}