{"id":111737,"date":"2016-07-03T08:56:57","date_gmt":"2016-07-03T12:56:57","guid":{"rendered":"https:\/\/mspontocom.com.br\/site\/?p=111737"},"modified":"2016-07-03T09:23:30","modified_gmt":"2016-07-03T13:23:30","slug":"sob-pressao-presidente-camara-adia-a-cpi-da-une","status":"publish","type":"post","link":"https:\/\/mspontocom.com.br\/site\/sob-pressao-presidente-camara-adia-a-cpi-da-une\/","title":{"rendered":"Sob press\u00e3o, presidente da C\u00e2mara adia a CPI da UNE"},"content":{"rendered":"<p style=\"text-align: justify;\"><a href=\"https:\/\/mspontocom.com.br\/site\/wp-content\/uploads\/2016\/07\/Dilma-e-Valdir.jpg\"><img loading=\"lazy\" class=\"alignleft size-full wp-image-111738\" alt=\"Dilma-e-Valdir\" src=\"https:\/\/mspontocom.com.br\/site\/wp-content\/uploads\/2016\/07\/Dilma-e-Valdir.jpg\" width=\"636\" height=\"372\" srcset=\"https:\/\/mspontocom.com.br\/site\/wp-content\/uploads\/2016\/07\/Dilma-e-Valdir.jpg 636w, https:\/\/mspontocom.com.br\/site\/wp-content\/uploads\/2016\/07\/Dilma-e-Valdir-260x152.jpg 260w, https:\/\/mspontocom.com.br\/site\/wp-content\/uploads\/2016\/07\/Dilma-e-Valdir-139x80.jpg 139w\" sizes=\"(max-width: 636px) 100vw, 636px\" \/><\/a>Com medo de ser investigada na<strong> CPI da UNE,<\/strong> j\u00e1 criada na C\u00e2mara, a Uni\u00e3o Nacional da Estudantes percebeu a fragilidade do presidente interino<strong> Waldir Maranh\u00e3o<\/strong> (PP-MA) e o pressionou, amea\u00e7ando promover invas\u00f5es e at\u00e9 vandalismo, inclusive no Minist\u00e9rio da Educa\u00e7\u00e3o.<\/p>\n<p style=\"text-align: justify;\">Parece que funcionou: <strong>Maranh\u00e3o adiou a instala\u00e7\u00e3o da CPI<\/strong>, sem apresentar qualquer justificativa, provocando revolta entre deputados.<\/p>\n<p style=\"text-align: justify;\">Os governos <strong>Lula e Dilma<\/strong> garantiram apoio da UNE (e seu sil\u00eancio, no mensal\u00e3o e no petrol\u00e3o), que levou ao menos R$ 44 milh\u00f5es p\u00fablicos.<\/p>\n<p style=\"text-align: justify;\">Atribui-se a <strong>Fl\u00e1vio Dino (<\/strong>PCdoB), governador do Maranh\u00e3o, a ordem para o presidente interino da C\u00e2mara adiar a CPI da UNE.<\/p>\n<p style=\"text-align: justify;\">A press\u00e3o de Fl\u00e1vio Dino faz sentido: seu partido, <strong>PCdoB<\/strong>, controla h\u00e1 d\u00e9cadas a milion\u00e1ria UNE.<\/p>\n<p style=\"text-align: justify;\">Fonte: Di\u00e1rio do Poder<\/p>\n","protected":false},"excerpt":{"rendered":"<p>Com medo de ser investigada na CPI da UNE, j\u00e1 criada na C\u00e2mara, a Uni\u00e3o Nacional da Estudantes percebeu a fragilidade do presidente interino Waldir Maranh\u00e3o (PP-MA) e o pressionou, amea\u00e7ando promover invas\u00f5es e at\u00e9 vandalismo, inclusive no Minist\u00e9rio da Educa\u00e7\u00e3o. Parece que funcionou: Maranh\u00e3o adiou a instala\u00e7\u00e3o da CPI, sem apresentar qualquer justificativa, provocando [&hellip;]<\/p>\n","protected":false},"author":2,"featured_media":111738,"comment_status":"open","ping_status":"open","sticky":false,"template":"","format":"standard","meta":{"_monsterinsights_skip_tracking":false,"_monsterinsights_sitenote_active":false,"_monsterinsights_sitenote_note":"","_monsterinsights_sitenote_category":0},"categories":[76,2528,12],"tags":[26388,3645,4381,195,104,12719,24000,480,4343,6587,19172,154,583,26611,9491,25899],"aioseo_notices":[],"_links":{"self":[{"href":"https:\/\/mspontocom.com.br\/site\/wp-json\/wp\/v2\/posts\/111737"}],"collection":[{"href":"https:\/\/mspontocom.com.br\/site\/wp-json\/wp\/v2\/posts"}],"about":[{"href":"https:\/\/mspontocom.com.br\/site\/wp-json\/wp\/v2\/types\/post"}],"author":[{"embeddable":true,"href":"https:\/\/mspontocom.com.br\/site\/wp-json\/wp\/v2\/users\/2"}],"replies":[{"embeddable":true,"href":"https:\/\/mspontocom.com.br\/site\/wp-json\/wp\/v2\/comments?post=111737"}],"version-history":[{"count":0,"href":"https:\/\/mspontocom.com.br\/site\/wp-json\/wp\/v2\/posts\/111737\/revisions"}],"wp:featuredmedia":[{"embeddable":true,"href":"https:\/\/mspontocom.com.br\/site\/wp-json\/wp\/v2\/media\/111738"}],"wp:attachment":[{"href":"https:\/\/mspontocom.com.br\/site\/wp-json\/wp\/v2\/media?parent=111737"}],"wp:term":[{"taxonomy":"category","embeddable":true,"href":"https:\/\/mspontocom.com.br\/site\/wp-json\/wp\/v2\/categories?post=111737"},{"taxonomy":"post_tag","embeddable":true,"href":"https:\/\/mspontocom.com.br\/site\/wp-json\/wp\/v2\/tags?post=111737"}],"curies":[{"name":"wp","href":"https:\/\/api.w.org\/{rel}","templated":true}]}}