{"id":111843,"date":"2016-07-06T10:35:04","date_gmt":"2016-07-06T14:35:04","guid":{"rendered":"https:\/\/mspontocom.com.br\/site\/?p=111843"},"modified":"2016-07-06T09:15:15","modified_gmt":"2016-07-06T13:15:15","slug":"inscricoes-concurso-de-redacao-do-senado-esporte-educacao-e-inclusao","status":"publish","type":"post","link":"https:\/\/mspontocom.com.br\/site\/inscricoes-concurso-de-redacao-do-senado-esporte-educacao-e-inclusao\/","title":{"rendered":"Inscri\u00e7\u00f5es: Concurso de Reda\u00e7\u00e3o do Senado: \u201cEsporte: educa\u00e7\u00e3o e inclus\u00e3o\u201d"},"content":{"rendered":"<p style=\"text-align: justify;\"><a href=\"https:\/\/mspontocom.com.br\/site\/wp-content\/uploads\/2016\/07\/jovem1.jpg\"><img loading=\"lazy\" class=\"alignleft size-full wp-image-111844\" alt=\"jovem1\" src=\"https:\/\/mspontocom.com.br\/site\/wp-content\/uploads\/2016\/07\/jovem1.jpg\" width=\"585\" height=\"364\" srcset=\"https:\/\/mspontocom.com.br\/site\/wp-content\/uploads\/2016\/07\/jovem1.jpg 585w, https:\/\/mspontocom.com.br\/site\/wp-content\/uploads\/2016\/07\/jovem1-260x161.jpg 260w\" sizes=\"(max-width: 585px) 100vw, 585px\" \/><\/a>O Programa Jovem Senador Brasileiro lan\u00e7ou a campanha para a<strong> 9\u00aa edi\u00e7\u00e3o do\u00a0Concurso de Reda\u00e7\u00e3o do Senado Federal \u2013 Projeto Jovem Senador 2016.<\/strong><\/p>\n<p style=\"text-align: justify;\">O tema \u00a0\u00e9 \u201c<strong>Esporte: educa\u00e7\u00e3o e inclus\u00e3o\u201d<\/strong>, destinado aos estudantes com at\u00e9 19 anos de idade, completados antes de 23 de setembro de 2016, e regularmente matriculados nas escolas p\u00fablicas estaduais \u00a0de ensino m\u00e9dio.<\/p>\n<p style=\"text-align: justify;\"><strong>O que \u00e9 o projeto<\/strong><\/p>\n<p style=\"text-align: justify;\">O <strong>Jovem Senador<\/strong> \u00e9 um projeto anual que seleciona, por meio do concurso de reda\u00e7\u00e3o, 27 estudantes para vivenciarem o trabalho dos senadores, com o objetivo de estimular nos e<strong>studantes do ensino m\u00e9dio a reflex\u00e3o sobre pol\u00edtica, democracia e exerc\u00edcio da cidadania.<\/strong><\/p>\n<p style=\"text-align: justify;\"><strong>Sele\u00e7\u00e3o<\/strong><\/p>\n<p style=\"text-align: justify;\">O processo de sele\u00e7\u00e3o dos 27 finalistas ocorre em tr\u00eas etapas, sendo que a primeira \u00e9 na escola, que seleciona uma reda\u00e7\u00e3o\u00a0entre os participantes e a encaminha para a Secretaria de Estado de Educa\u00e7\u00e3o at\u00e9 o dia 19 de agosto de 2016.<\/p>\n<p style=\"text-align: justify;\"><strong>Regulamento e inscri\u00e7\u00f5es<\/strong><\/p>\n<p style=\"text-align: justify;\">O regulamento, a ficha de inscri\u00e7\u00e3o e as demais informa\u00e7\u00f5es podem ser acessados no site\u00a0<a href=\"https:\/\/www.senado.gov.br\/jovemsenador\">www.senado.gov.br\/jovemsenador<\/a>.<\/p>\n<p style=\"text-align: justify;\">\n","protected":false},"excerpt":{"rendered":"<p>O Programa Jovem Senador Brasileiro lan\u00e7ou a campanha para a 9\u00aa edi\u00e7\u00e3o do\u00a0Concurso de Reda\u00e7\u00e3o do Senado Federal \u2013 Projeto Jovem Senador 2016. O tema \u00a0\u00e9 \u201cEsporte: educa\u00e7\u00e3o e inclus\u00e3o\u201d, destinado aos estudantes com at\u00e9 19 anos de idade, completados antes de 23 de setembro de 2016, e regularmente matriculados nas escolas p\u00fablicas estaduais \u00a0de [&hellip;]<\/p>\n","protected":false},"author":2,"featured_media":111844,"comment_status":"open","ping_status":"open","sticky":false,"template":"","format":"standard","meta":{"_monsterinsights_skip_tracking":false,"_monsterinsights_sitenote_active":false,"_monsterinsights_sitenote_note":"","_monsterinsights_sitenote_category":0},"categories":[76],"tags":[26650,1611,124,455,6610,6587,6184,914,21983,25635],"aioseo_notices":[],"_links":{"self":[{"href":"https:\/\/mspontocom.com.br\/site\/wp-json\/wp\/v2\/posts\/111843"}],"collection":[{"href":"https:\/\/mspontocom.com.br\/site\/wp-json\/wp\/v2\/posts"}],"about":[{"href":"https:\/\/mspontocom.com.br\/site\/wp-json\/wp\/v2\/types\/post"}],"author":[{"embeddable":true,"href":"https:\/\/mspontocom.com.br\/site\/wp-json\/wp\/v2\/users\/2"}],"replies":[{"embeddable":true,"href":"https:\/\/mspontocom.com.br\/site\/wp-json\/wp\/v2\/comments?post=111843"}],"version-history":[{"count":0,"href":"https:\/\/mspontocom.com.br\/site\/wp-json\/wp\/v2\/posts\/111843\/revisions"}],"wp:featuredmedia":[{"embeddable":true,"href":"https:\/\/mspontocom.com.br\/site\/wp-json\/wp\/v2\/media\/111844"}],"wp:attachment":[{"href":"https:\/\/mspontocom.com.br\/site\/wp-json\/wp\/v2\/media?parent=111843"}],"wp:term":[{"taxonomy":"category","embeddable":true,"href":"https:\/\/mspontocom.com.br\/site\/wp-json\/wp\/v2\/categories?post=111843"},{"taxonomy":"post_tag","embeddable":true,"href":"https:\/\/mspontocom.com.br\/site\/wp-json\/wp\/v2\/tags?post=111843"}],"curies":[{"name":"wp","href":"https:\/\/api.w.org\/{rel}","templated":true}]}}