{"id":111920,"date":"2016-07-08T09:00:55","date_gmt":"2016-07-08T13:00:55","guid":{"rendered":"https:\/\/mspontocom.com.br\/site\/?p=111920"},"modified":"2016-07-08T07:52:44","modified_gmt":"2016-07-08T11:52:44","slug":"ms-senar-abre-inscricoes-para-curso-tecnico-em-agronegocio","status":"publish","type":"post","link":"https:\/\/mspontocom.com.br\/site\/ms-senar-abre-inscricoes-para-curso-tecnico-em-agronegocio\/","title":{"rendered":"MS: Senar abre inscri\u00e7\u00f5es para Curso T\u00e9cnico em Agroneg\u00f3cio"},"content":{"rendered":"<p style=\"text-align: justify;\"><a href=\"https:\/\/mspontocom.com.br\/site\/wp-content\/uploads\/2016\/07\/senar.jpg\"><img loading=\"lazy\" class=\"alignleft size-full wp-image-111921\" alt=\"senar\" src=\"https:\/\/mspontocom.com.br\/site\/wp-content\/uploads\/2016\/07\/senar.jpg\" width=\"515\" height=\"290\" srcset=\"https:\/\/mspontocom.com.br\/site\/wp-content\/uploads\/2016\/07\/senar.jpg 515w, https:\/\/mspontocom.com.br\/site\/wp-content\/uploads\/2016\/07\/senar-260x146.jpg 260w, https:\/\/mspontocom.com.br\/site\/wp-content\/uploads\/2016\/07\/senar-140x80.jpg 140w\" sizes=\"(max-width: 515px) 100vw, 515px\" \/><\/a>O Servi\u00e7o Nacional de Aprendizagem Rural (SENAR) abre inscri\u00e7\u00f5es para a sele\u00e7\u00e3o\u00a0 do seu<strong> Curso T\u00e9cnico em Agroneg\u00f3cio,<\/strong><\/p>\n<p style=\"text-align: justify;\">O curso \u00e9 na modalidade <strong>semipresencial e inteiramente gratuito<\/strong>.<\/p>\n<p style=\"text-align: justify;\">Para se inscrever, o \u00fanico requisito\u00a0 \u00e9\u00a0 ter o Ensino M\u00e9dio completo.<\/p>\n<p style=\"text-align: justify;\">Com dura\u00e7\u00e3o de dois anos, o\u00a0 Curso T\u00e9cnico em Agroneg\u00f3cio do SENAR \u00e9 realizado em parceria com o Minist\u00e9rio da Educa\u00e7\u00e3o (MEC), por meio da Rede e-Tec Brasil, inserida no PRONATEC.<\/p>\n<p style=\"text-align: justify;\">S\u00e3o oferecidas 1.500 vagas distribu\u00eddas em 40 polos pelos estados do <strong>\u00a0Mato Grosso do Sul,<\/strong>Acre, Amazonas, Bahia, Cear\u00e1, Maranh\u00e3o, Minas Gerais, Mato Grosso,<strong>\u00a0<\/strong>\u00a0Par\u00e1, Para\u00edba, Pernambuco, Piau\u00ed, Rio de Janeiro, Rio Grande do Norte, Rio Grande do Sul, Rond\u00f4nia, Roraima, Santa Catarina e Tocantins.<\/p>\n<p style=\"text-align: justify;\"><strong>Inscri\u00e7\u00f5es<\/strong><\/p>\n<p style=\"text-align: justify;\">O edital da sele\u00e7\u00e3o est\u00e1 dispon\u00edvel no portal https:\/\/etec.senar.org.br\/, onde tamb\u00e9m s\u00e3o feitas as inscri\u00e7\u00f5es.<\/p>\n<p style=\"text-align: justify;\"><strong>O curso<\/strong><\/p>\n<p style=\"text-align: justify;\">Concebido com foco na popula\u00e7\u00e3o rural, o\u00a0 curso tem como forte diferencial o fato de aliar a teoria \u00e0 pr\u00e1tica. Embora\u00a0 80 por cento das aulas sejam a dist\u00e2ncia, a grade\u00a0 inclui tamb\u00e9m aulas presenciais e visitas t\u00e9cnicas, onde os alunos acompanham de perto o dia a dia em propriedades rurais e agroind\u00fastrias.<\/p>\n<p style=\"text-align: justify;\"><strong>Sele\u00e7\u00e3o<\/strong><\/p>\n<p style=\"text-align: justify;\">A sele\u00e7\u00e3o para o Curso T\u00e9cnico em Agroneg\u00f3cio do SENAR \u00e9 feita por meio de provas de Matem\u00e1tica, Portugu\u00eas e uma Reda\u00e7\u00e3o.<\/p>\n<p style=\"text-align: justify;\">S\u00e3o provas individuais, aplicadas no polo onde o candidato pretende uma vaga. O polo deve ser indicado no ato da inscri\u00e7\u00e3o e s\u00f3 pode ser alterado at\u00e9 48 horas antes do exame. No ato da inscri\u00e7\u00e3o tamb\u00e9m deve ser agendado o dia e hor\u00e1rio das provas, que come\u00e7am no dia 8 e v\u00e3o at\u00e9 o dia 29 de Julho.<\/p>\n<p style=\"text-align: justify;\">\n","protected":false},"excerpt":{"rendered":"<p>O Servi\u00e7o Nacional de Aprendizagem Rural (SENAR) abre inscri\u00e7\u00f5es para a sele\u00e7\u00e3o\u00a0 do seu Curso T\u00e9cnico em Agroneg\u00f3cio, O curso \u00e9 na modalidade semipresencial e inteiramente gratuito. Para se inscrever, o \u00fanico requisito\u00a0 \u00e9\u00a0 ter o Ensino M\u00e9dio completo. Com dura\u00e7\u00e3o de dois anos, o\u00a0 Curso T\u00e9cnico em Agroneg\u00f3cio do SENAR \u00e9 realizado em parceria [&hellip;]<\/p>\n","protected":false},"author":2,"featured_media":111921,"comment_status":"open","ping_status":"open","sticky":false,"template":"","format":"standard","meta":{"_monsterinsights_skip_tracking":false,"_monsterinsights_sitenote_active":false,"_monsterinsights_sitenote_note":"","_monsterinsights_sitenote_category":0},"categories":[15,76,74,14],"tags":[23419,1005,435,147,104,19636,455,8219,81,6587,11496,3310],"aioseo_notices":[],"_links":{"self":[{"href":"https:\/\/mspontocom.com.br\/site\/wp-json\/wp\/v2\/posts\/111920"}],"collection":[{"href":"https:\/\/mspontocom.com.br\/site\/wp-json\/wp\/v2\/posts"}],"about":[{"href":"https:\/\/mspontocom.com.br\/site\/wp-json\/wp\/v2\/types\/post"}],"author":[{"embeddable":true,"href":"https:\/\/mspontocom.com.br\/site\/wp-json\/wp\/v2\/users\/2"}],"replies":[{"embeddable":true,"href":"https:\/\/mspontocom.com.br\/site\/wp-json\/wp\/v2\/comments?post=111920"}],"version-history":[{"count":0,"href":"https:\/\/mspontocom.com.br\/site\/wp-json\/wp\/v2\/posts\/111920\/revisions"}],"wp:featuredmedia":[{"embeddable":true,"href":"https:\/\/mspontocom.com.br\/site\/wp-json\/wp\/v2\/media\/111921"}],"wp:attachment":[{"href":"https:\/\/mspontocom.com.br\/site\/wp-json\/wp\/v2\/media?parent=111920"}],"wp:term":[{"taxonomy":"category","embeddable":true,"href":"https:\/\/mspontocom.com.br\/site\/wp-json\/wp\/v2\/categories?post=111920"},{"taxonomy":"post_tag","embeddable":true,"href":"https:\/\/mspontocom.com.br\/site\/wp-json\/wp\/v2\/tags?post=111920"}],"curies":[{"name":"wp","href":"https:\/\/api.w.org\/{rel}","templated":true}]}}