{"id":111927,"date":"2016-07-08T08:45:26","date_gmt":"2016-07-08T12:45:26","guid":{"rendered":"https:\/\/mspontocom.com.br\/site\/?p=111927"},"modified":"2016-07-09T06:13:36","modified_gmt":"2016-07-09T10:13:36","slug":"dourados-seis-escolas-aderem-a-educacao-em-tempo-integral","status":"publish","type":"post","link":"https:\/\/mspontocom.com.br\/site\/dourados-seis-escolas-aderem-a-educacao-em-tempo-integral\/","title":{"rendered":"Dourados: Seis escolas aderem \u00e0 educa\u00e7\u00e3o em tempo integral"},"content":{"rendered":"<p style=\"text-align: justify;\"><a href=\"https:\/\/mspontocom.com.br\/site\/wp-content\/uploads\/2016\/07\/educacao-municipio-forquilha.jpg\"><img loading=\"lazy\" class=\"alignleft size-full wp-image-111928\" alt=\"educacao-municipio-forquilha\" src=\"https:\/\/mspontocom.com.br\/site\/wp-content\/uploads\/2016\/07\/educacao-municipio-forquilha.jpg\" width=\"649\" height=\"352\" srcset=\"https:\/\/mspontocom.com.br\/site\/wp-content\/uploads\/2016\/07\/educacao-municipio-forquilha.jpg 649w, https:\/\/mspontocom.com.br\/site\/wp-content\/uploads\/2016\/07\/educacao-municipio-forquilha-260x141.jpg 260w\" sizes=\"(max-width: 649px) 100vw, 649px\" \/><\/a>A Secretaria de Estado de Educa\u00e7\u00e3o (SED) realizou nesta semana reuni\u00e3o com os diretores das seis escolas estaduais de Dourados que\u00a0optaram\u00a0em aderir \u00e0 proposta da Escola de Educa\u00e7\u00e3o Integral em Tempo Integral.<\/p>\n<p style=\"text-align: justify;\"><strong>Vejas as escolas<\/strong><\/p>\n<p style=\"text-align: justify;\">Antonia da Silveira Capil\u00e9, Menodora Fialho de Figueiredo, Presidente Vargas, Professora Floriana Lopes, Ministro Jo\u00e3o Paulo dos Reis Veloso e Professor Jos\u00e9 Pereira Lins.<\/p>\n<p style=\"text-align: justify;\"><strong>Experi\u00eancia<\/strong><\/p>\n<p style=\"text-align: justify;\">Nesta reuni\u00e3o, estudantes, professores e a diretora da Escola Estadual Waldemir Barros da Silva, de Campo Grande, relataram a experi\u00eancia exitosa durante os primeiros quatro meses de implanta\u00e7\u00e3o da Educa\u00e7\u00e3o Integral em Tempo Integral em sua unidade de ensino.<\/p>\n","protected":false},"excerpt":{"rendered":"<p>A Secretaria de Estado de Educa\u00e7\u00e3o (SED) realizou nesta semana reuni\u00e3o com os diretores das seis escolas estaduais de Dourados que\u00a0optaram\u00a0em aderir \u00e0 proposta da Escola de Educa\u00e7\u00e3o Integral em Tempo Integral. Vejas as escolas Antonia da Silveira Capil\u00e9, Menodora Fialho de Figueiredo, Presidente Vargas, Professora Floriana Lopes, Ministro Jo\u00e3o Paulo dos Reis Veloso e [&hellip;]<\/p>\n","protected":false},"author":2,"featured_media":111928,"comment_status":"open","ping_status":"open","sticky":false,"template":"","format":"standard","meta":{"_monsterinsights_skip_tracking":false,"_monsterinsights_sitenote_active":false,"_monsterinsights_sitenote_note":"","_monsterinsights_sitenote_category":0},"categories":[76,4327],"tags":[26675,192,104,105,26676,6587,8468,2291],"aioseo_notices":[],"_links":{"self":[{"href":"https:\/\/mspontocom.com.br\/site\/wp-json\/wp\/v2\/posts\/111927"}],"collection":[{"href":"https:\/\/mspontocom.com.br\/site\/wp-json\/wp\/v2\/posts"}],"about":[{"href":"https:\/\/mspontocom.com.br\/site\/wp-json\/wp\/v2\/types\/post"}],"author":[{"embeddable":true,"href":"https:\/\/mspontocom.com.br\/site\/wp-json\/wp\/v2\/users\/2"}],"replies":[{"embeddable":true,"href":"https:\/\/mspontocom.com.br\/site\/wp-json\/wp\/v2\/comments?post=111927"}],"version-history":[{"count":0,"href":"https:\/\/mspontocom.com.br\/site\/wp-json\/wp\/v2\/posts\/111927\/revisions"}],"wp:featuredmedia":[{"embeddable":true,"href":"https:\/\/mspontocom.com.br\/site\/wp-json\/wp\/v2\/media\/111928"}],"wp:attachment":[{"href":"https:\/\/mspontocom.com.br\/site\/wp-json\/wp\/v2\/media?parent=111927"}],"wp:term":[{"taxonomy":"category","embeddable":true,"href":"https:\/\/mspontocom.com.br\/site\/wp-json\/wp\/v2\/categories?post=111927"},{"taxonomy":"post_tag","embeddable":true,"href":"https:\/\/mspontocom.com.br\/site\/wp-json\/wp\/v2\/tags?post=111927"}],"curies":[{"name":"wp","href":"https:\/\/api.w.org\/{rel}","templated":true}]}}