{"id":112109,"date":"2016-07-14T15:30:36","date_gmt":"2016-07-14T19:30:36","guid":{"rendered":"https:\/\/mspontocom.com.br\/site\/?p=112109"},"modified":"2016-07-14T13:18:34","modified_gmt":"2016-07-14T17:18:34","slug":"c-grande-apresenta-projeto-de-monitoramento-eletronico-para-escolas-e-ubs","status":"publish","type":"post","link":"https:\/\/mspontocom.com.br\/site\/c-grande-apresenta-projeto-de-monitoramento-eletronico-para-escolas-e-ubs\/","title":{"rendered":"C.Grande apresenta projeto de monitoramento eletr\u00f4nico para escolas e UBS"},"content":{"rendered":"<p style=\"text-align: justify;\"><span style=\"line-height: 1.5em;\"><a href=\"https:\/\/mspontocom.com.br\/site\/wp-content\/uploads\/2016\/07\/remoto.png\"><img loading=\"lazy\" class=\"alignleft size-full wp-image-112110\" alt=\"remoto\" src=\"https:\/\/mspontocom.com.br\/site\/wp-content\/uploads\/2016\/07\/remoto.png\" width=\"396\" height=\"297\" srcset=\"https:\/\/mspontocom.com.br\/site\/wp-content\/uploads\/2016\/07\/remoto.png 396w, https:\/\/mspontocom.com.br\/site\/wp-content\/uploads\/2016\/07\/remoto-260x195.png 260w\" sizes=\"(max-width: 396px) 100vw, 396px\" \/><\/a>Diretores de escolas e de centros de educa\u00e7\u00e3o infantil se reuniram com a Secretaria Municipal de Educa\u00e7\u00e3o, para conhecer o projeto de seguran\u00e7a eletr\u00f4nica de <strong>Circuito Fechado de V\u00eddeo Televis\u00e3o<\/strong> (CFVT).<\/span><\/p>\n<p style=\"text-align: justify;\">O sistema \u00a0ser\u00e1 implantado em unidades das pastas de Sa\u00fade, Educa\u00e7\u00e3o e de Assist\u00eancia Social.<\/p>\n<p style=\"text-align: justify;\">Intitulado como<strong> SIMDI \u2013 Sistema de Monitoramento Dedicado e Integrado<\/strong>, o projeto foi apresentado pela Secretaria Municipal de Seguran\u00e7a P\u00fablica.<\/p>\n<p>O projeto a ser implantado visa envolver, por meio de tecnologia digital, melhor condi\u00e7\u00e3o de seguran\u00e7a em tempo real, mostrando na base da unidade de seguran\u00e7a (base da guarda) as imagens das unidades e o que est\u00e1 acontecendo.<\/p>\n<p style=\"text-align: justify;\">O sistema vai ser integrado tamb\u00e9m com as viaturas e guardas municipais, que estar\u00e3o a postos para atender a qualquer sinal de invas\u00e3o ou anormalidade nos locais monitorados.<\/p>\n<p>A inten\u00e7\u00e3o \u00e9 implantar o projeto at\u00e9 o final deste ano na Secretaria Municipal de Educa\u00e7\u00e3o (escolas e ceinfs), Secretaria Municipal de Sa\u00fade (UBS e UBSF) e Secretaria Municipal de Pol\u00edticas e A\u00e7\u00f5es Sociais e Cidadania (CRAS).<br \/>\n<b><br \/>\nO que \u00e9 CFTV<\/b><\/p>\n<p style=\"text-align: justify;\">O CFTV \u00e9 um sistema simples constitu\u00eddo por c\u00e2mera (s), por meio de transmiss\u00e3o e monitoramento fechado de captura de imagens, em formato de televis\u00e3o, provenientes de locais espec\u00edficos em que foram instaladas.<\/p>\n<p style=\"text-align: justify;\">\n","protected":false},"excerpt":{"rendered":"<p>Diretores de escolas e de centros de educa\u00e7\u00e3o infantil se reuniram com a Secretaria Municipal de Educa\u00e7\u00e3o, para conhecer o projeto de seguran\u00e7a eletr\u00f4nica de Circuito Fechado de V\u00eddeo Televis\u00e3o (CFVT). O sistema \u00a0ser\u00e1 implantado em unidades das pastas de Sa\u00fade, Educa\u00e7\u00e3o e de Assist\u00eancia Social. Intitulado como SIMDI \u2013 Sistema de Monitoramento Dedicado e [&hellip;]<\/p>\n","protected":false},"author":2,"featured_media":112110,"comment_status":"open","ping_status":"open","sticky":false,"template":"","format":"standard","meta":{"_monsterinsights_skip_tracking":false,"_monsterinsights_sitenote_active":false,"_monsterinsights_sitenote_note":"","_monsterinsights_sitenote_category":0},"categories":[4328,76,11],"tags":[123,24767,105,17910,6587,374,1567,6329],"aioseo_notices":[],"_links":{"self":[{"href":"https:\/\/mspontocom.com.br\/site\/wp-json\/wp\/v2\/posts\/112109"}],"collection":[{"href":"https:\/\/mspontocom.com.br\/site\/wp-json\/wp\/v2\/posts"}],"about":[{"href":"https:\/\/mspontocom.com.br\/site\/wp-json\/wp\/v2\/types\/post"}],"author":[{"embeddable":true,"href":"https:\/\/mspontocom.com.br\/site\/wp-json\/wp\/v2\/users\/2"}],"replies":[{"embeddable":true,"href":"https:\/\/mspontocom.com.br\/site\/wp-json\/wp\/v2\/comments?post=112109"}],"version-history":[{"count":0,"href":"https:\/\/mspontocom.com.br\/site\/wp-json\/wp\/v2\/posts\/112109\/revisions"}],"wp:featuredmedia":[{"embeddable":true,"href":"https:\/\/mspontocom.com.br\/site\/wp-json\/wp\/v2\/media\/112110"}],"wp:attachment":[{"href":"https:\/\/mspontocom.com.br\/site\/wp-json\/wp\/v2\/media?parent=112109"}],"wp:term":[{"taxonomy":"category","embeddable":true,"href":"https:\/\/mspontocom.com.br\/site\/wp-json\/wp\/v2\/categories?post=112109"},{"taxonomy":"post_tag","embeddable":true,"href":"https:\/\/mspontocom.com.br\/site\/wp-json\/wp\/v2\/tags?post=112109"}],"curies":[{"name":"wp","href":"https:\/\/api.w.org\/{rel}","templated":true}]}}