{"id":112145,"date":"2016-07-15T15:27:57","date_gmt":"2016-07-15T19:27:57","guid":{"rendered":"https:\/\/mspontocom.com.br\/site\/?p=112145"},"modified":"2016-07-15T14:33:46","modified_gmt":"2016-07-15T18:33:46","slug":"dourados-inscricoes-para-mestrado-em-educacao-cientifica-e-matematica","status":"publish","type":"post","link":"https:\/\/mspontocom.com.br\/site\/dourados-inscricoes-para-mestrado-em-educacao-cientifica-e-matematica\/","title":{"rendered":"Dourados: Inscri\u00e7\u00f5es para Mestrado em Educa\u00e7\u00e3o Cient\u00edfica e Matem\u00e1tica"},"content":{"rendered":"<div id=\"attachment_112146\" style=\"width: 510px\" class=\"wp-caption alignleft\"><a href=\"https:\/\/mspontocom.com.br\/site\/wp-content\/uploads\/2016\/07\/matematica-consulte-2.jpg\"><img aria-describedby=\"caption-attachment-112146\" loading=\"lazy\" class=\"size-full wp-image-112146\" alt=\"matematica-consulte-2\" src=\"https:\/\/mspontocom.com.br\/site\/wp-content\/uploads\/2016\/07\/matematica-consulte-2.jpg\" width=\"500\" height=\"350\" srcset=\"https:\/\/mspontocom.com.br\/site\/wp-content\/uploads\/2016\/07\/matematica-consulte-2.jpg 500w, https:\/\/mspontocom.com.br\/site\/wp-content\/uploads\/2016\/07\/matematica-consulte-2-260x182.jpg 260w\" sizes=\"(max-width: 500px) 100vw, 500px\" \/><\/a><p id=\"caption-attachment-112146\" class=\"wp-caption-text\">ilustra\u00e7\u00e3o: guiadoestudante.abril.com.br<\/p><\/div>\n<p style=\"text-align: justify;\">As inscri\u00e7\u00f5es para o ingresso de alunos regulares no <strong>Mestrado Profissional em Educa\u00e7\u00e3o Cient\u00edfica e Matem\u00e1tica,<\/strong> oferecido pela <strong>UEMS<\/strong>, unidade de<strong> Dourados<\/strong>, foram prorrogadas at\u00e9 o dia 22 de julho.<\/p>\n<p style=\"text-align: justify;\">Confira\u00a0<a href=\"https:\/\/www.uems.br\/assets\/uploads\/cursos_pos\/bee635700c2ac776846045f3481c04d8\/inscricoes\/1_bee635700c2ac776846045f3481c04d8_2016-07-01_11-37-47.pdf\">aqui<\/a>\u00a0o edital de prorroga\u00e7\u00e3o.<\/p>\n<p style=\"text-align: justify;\">Podem participar da sele\u00e7\u00e3o portadores de diplomas de Cursos de Licenciatura nas seguintes \u00e1reas: Matem\u00e1tica, F\u00edsica, Qu\u00edmica, Biologia e Pedagogia, devidamente autorizados e reconhecidos pelo \u00f3rg\u00e3o competente, al\u00e9m de comprova\u00e7\u00e3o de atua\u00e7\u00e3o na educa\u00e7\u00e3o b\u00e1sica.<\/p>\n<p style=\"text-align: justify;\"><strong>Inscri\u00e7\u00e3o<\/strong><\/p>\n<p style=\"text-align: justify;\">A taxa de inscri\u00e7\u00e3o \u00e9 de R$ 70,00. O processo seletivo \u00e9 composto por tr\u00eas etapas: prova escrita, an\u00e1lise do projeto de pesquisa e entrevista.<\/p>\n<p style=\"text-align: justify;\"><strong>Servi\u00e7o:<\/strong><\/p>\n<p style=\"text-align: justify;\">Mais informa\u00e7\u00f5es podem ser obtidas no Programa de P\u00f3s-gradua\u00e7\u00e3o<em>stricto sensu<\/em>\u00a0em Educa\u00e7\u00e3o Cient\u00edfica e Matem\u00e1tica, na unidade da UEMS de Dourados, que fica na Rodovia Dourados \u2013 Itahum, no Bloco F, Piso Superior -Secretaria dos Mestrados Profissionais, CEP 79804-970. Fone: 3902- 2640.<\/p>\n<p style=\"text-align: justify;\">\n<p style=\"text-align: justify;\"><em>fonte: UEMS<\/em><\/p>\n<p style=\"text-align: justify;\">\n","protected":false},"excerpt":{"rendered":"<p>As inscri\u00e7\u00f5es para o ingresso de alunos regulares no Mestrado Profissional em Educa\u00e7\u00e3o Cient\u00edfica e Matem\u00e1tica, oferecido pela UEMS, unidade de Dourados, foram prorrogadas at\u00e9 o dia 22 de julho. Confira\u00a0aqui\u00a0o edital de prorroga\u00e7\u00e3o. Podem participar da sele\u00e7\u00e3o portadores de diplomas de Cursos de Licenciatura nas seguintes \u00e1reas: Matem\u00e1tica, F\u00edsica, Qu\u00edmica, Biologia e Pedagogia, devidamente [&hellip;]<\/p>\n","protected":false},"author":2,"featured_media":112146,"comment_status":"open","ping_status":"open","sticky":false,"template":"","format":"standard","meta":{"_monsterinsights_skip_tracking":false,"_monsterinsights_sitenote_active":false,"_monsterinsights_sitenote_note":"","_monsterinsights_sitenote_category":0},"categories":[76,4327],"tags":[192,104,22113,455,6244,8511,81,6587,432],"aioseo_notices":[],"_links":{"self":[{"href":"https:\/\/mspontocom.com.br\/site\/wp-json\/wp\/v2\/posts\/112145"}],"collection":[{"href":"https:\/\/mspontocom.com.br\/site\/wp-json\/wp\/v2\/posts"}],"about":[{"href":"https:\/\/mspontocom.com.br\/site\/wp-json\/wp\/v2\/types\/post"}],"author":[{"embeddable":true,"href":"https:\/\/mspontocom.com.br\/site\/wp-json\/wp\/v2\/users\/2"}],"replies":[{"embeddable":true,"href":"https:\/\/mspontocom.com.br\/site\/wp-json\/wp\/v2\/comments?post=112145"}],"version-history":[{"count":0,"href":"https:\/\/mspontocom.com.br\/site\/wp-json\/wp\/v2\/posts\/112145\/revisions"}],"wp:featuredmedia":[{"embeddable":true,"href":"https:\/\/mspontocom.com.br\/site\/wp-json\/wp\/v2\/media\/112146"}],"wp:attachment":[{"href":"https:\/\/mspontocom.com.br\/site\/wp-json\/wp\/v2\/media?parent=112145"}],"wp:term":[{"taxonomy":"category","embeddable":true,"href":"https:\/\/mspontocom.com.br\/site\/wp-json\/wp\/v2\/categories?post=112145"},{"taxonomy":"post_tag","embeddable":true,"href":"https:\/\/mspontocom.com.br\/site\/wp-json\/wp\/v2\/tags?post=112145"}],"curies":[{"name":"wp","href":"https:\/\/api.w.org\/{rel}","templated":true}]}}