{"id":112169,"date":"2016-07-16T10:00:44","date_gmt":"2016-07-16T14:00:44","guid":{"rendered":"https:\/\/mspontocom.com.br\/site\/?p=112169"},"modified":"2016-07-16T08:51:39","modified_gmt":"2016-07-16T12:51:39","slug":"astronomia-ouca-o-som-de-jupiter-registrado-pela-sonda-juno","status":"publish","type":"post","link":"https:\/\/mspontocom.com.br\/site\/astronomia-ouca-o-som-de-jupiter-registrado-pela-sonda-juno\/","title":{"rendered":"Astronomia: Ou\u00e7a o som de J\u00fapiter registrado pela sonda Juno"},"content":{"rendered":"<div style=\"text-align: justify;\"><a href=\"https:\/\/mspontocom.com.br\/site\/wp-content\/uploads\/2016\/07\/jupiter1.jpg\"><img loading=\"lazy\" class=\"alignleft size-full wp-image-112170\" alt=\"jupiter1\" src=\"https:\/\/mspontocom.com.br\/site\/wp-content\/uploads\/2016\/07\/jupiter1.jpg\" width=\"259\" height=\"194\" \/><\/a>A sonda Juno, operada pela <strong>NASA<\/strong>, j\u00e1 est\u00e1 na \u00f3rbita do maior planeta do nosso sistema solar, <strong>J\u00fapiter. <\/strong><\/div>\n<div style=\"text-align: justify;\"><\/div>\n<div style=\"text-align: justify;\">Por\u00e9m, o que chamou bastante aten\u00e7\u00e3o foi o som captado pelos sensores embarcados na pequenina sonda no dia 24 de junho.<\/div>\n<div style=\"text-align: justify;\"><\/div>\n<div style=\"text-align: justify;\">Segundo especialistas, o som \u00e9 causado quando a sonda ultrapassa o limite do enorme campo magn\u00e9tico do planeta. Assim como na Terra, o campo magn\u00e9tico protege o planeta dos violentos ventos solares.<\/div>\n<div style=\"text-align: justify;\"><\/div>\n<div style=\"text-align: justify;\">Escute abaixo:<\/div>\n<p style=\"text-align: justify;\">\n<p><iframe loading=\"lazy\" src=\"https:\/\/www.youtube.com\/embed\/8CT_txWEo5I?feature=player_embedded\" height=\"266\" width=\"320\" allowfullscreen=\"\" frameborder=\"0\" data-thumbnail-src=\"https:\/\/i.ytimg.com\/vi\/8CT_txWEo5I\/0.jpg\"><\/iframe><\/p>\n<p>Fonte;. Revista Galileu.com<\/p>\n","protected":false},"excerpt":{"rendered":"<p>A sonda Juno, operada pela NASA, j\u00e1 est\u00e1 na \u00f3rbita do maior planeta do nosso sistema solar, J\u00fapiter. Por\u00e9m, o que chamou bastante aten\u00e7\u00e3o foi o som captado pelos sensores embarcados na pequenina sonda no dia 24 de junho. Segundo especialistas, o som \u00e9 causado quando a sonda ultrapassa o limite do enorme campo magn\u00e9tico [&hellip;]<\/p>\n","protected":false},"author":2,"featured_media":0,"comment_status":"open","ping_status":"open","sticky":false,"template":"","format":"standard","meta":{"_monsterinsights_skip_tracking":false,"_monsterinsights_sitenote_active":false,"_monsterinsights_sitenote_note":"","_monsterinsights_sitenote_category":0},"categories":[7752],"tags":[4911,15673,8064,6587,1373,26743,26744,2515],"aioseo_notices":[],"_links":{"self":[{"href":"https:\/\/mspontocom.com.br\/site\/wp-json\/wp\/v2\/posts\/112169"}],"collection":[{"href":"https:\/\/mspontocom.com.br\/site\/wp-json\/wp\/v2\/posts"}],"about":[{"href":"https:\/\/mspontocom.com.br\/site\/wp-json\/wp\/v2\/types\/post"}],"author":[{"embeddable":true,"href":"https:\/\/mspontocom.com.br\/site\/wp-json\/wp\/v2\/users\/2"}],"replies":[{"embeddable":true,"href":"https:\/\/mspontocom.com.br\/site\/wp-json\/wp\/v2\/comments?post=112169"}],"version-history":[{"count":0,"href":"https:\/\/mspontocom.com.br\/site\/wp-json\/wp\/v2\/posts\/112169\/revisions"}],"wp:attachment":[{"href":"https:\/\/mspontocom.com.br\/site\/wp-json\/wp\/v2\/media?parent=112169"}],"wp:term":[{"taxonomy":"category","embeddable":true,"href":"https:\/\/mspontocom.com.br\/site\/wp-json\/wp\/v2\/categories?post=112169"},{"taxonomy":"post_tag","embeddable":true,"href":"https:\/\/mspontocom.com.br\/site\/wp-json\/wp\/v2\/tags?post=112169"}],"curies":[{"name":"wp","href":"https:\/\/api.w.org\/{rel}","templated":true}]}}