{"id":112224,"date":"2016-07-19T07:53:33","date_gmt":"2016-07-19T11:53:33","guid":{"rendered":"https:\/\/mspontocom.com.br\/site\/?p=112224"},"modified":"2016-07-19T07:53:33","modified_gmt":"2016-07-19T11:53:33","slug":"ifms-abre-inscricoes-em-concurso-publico-para-todos-os-niveis","status":"publish","type":"post","link":"https:\/\/mspontocom.com.br\/site\/ifms-abre-inscricoes-em-concurso-publico-para-todos-os-niveis\/","title":{"rendered":"IFMS abre inscri\u00e7\u00f5es em concurso p\u00fablico para todos os n\u00edveis"},"content":{"rendered":"<p style=\"text-align: justify;\"><a href=\"https:\/\/mspontocom.com.br\/site\/wp-content\/uploads\/2016\/07\/concurso-ms3.jpg\"><img loading=\"lazy\" class=\"alignleft size-full wp-image-112225\" alt=\"concurso-ms\" src=\"https:\/\/mspontocom.com.br\/site\/wp-content\/uploads\/2016\/07\/concurso-ms3.jpg\" width=\"268\" height=\"188\" srcset=\"https:\/\/mspontocom.com.br\/site\/wp-content\/uploads\/2016\/07\/concurso-ms3.jpg 268w, https:\/\/mspontocom.com.br\/site\/wp-content\/uploads\/2016\/07\/concurso-ms3-260x182.jpg 260w\" sizes=\"(max-width: 268px) 100vw, 268px\" \/><\/a>O Instituto Federal de Mato Grosso do Sul <strong>(IFMS)<\/strong> abriu \u00a0as inscri\u00e7\u00f5es no<strong> concurso p\u00fablico<\/strong> para o preenchimento de 60 vagas de t\u00e9cnicos-administrativos em educa\u00e7\u00e3o. <strong>H\u00e1 cargos de n\u00edveis superior, m\u00e9dio e fundamental.\u00a0<\/strong><\/p>\n<p style=\"text-align: justify;\"><span style=\"line-height: 1.5em;\">Uma vez aprovado e nomeado, o candidato poder\u00e1 ser lotado em qualquer um dos campi do IFMS nos munic\u00edpios de Aquidauana, Campo Grande, Corumb\u00e1, Coxim, Dourados, Jardim, Navira\u00ed, Nova Andradina, Ponta Por\u00e3 e Tr\u00eas Lagoas.<\/span><\/p>\n<p style=\"text-align: justify;\">A distribui\u00e7\u00e3o ficar\u00e1 condicionada \u00e0 classifica\u00e7\u00e3o no concurso.<\/p>\n<p style=\"text-align: justify;\"><b>Inscri\u00e7\u00f5es<\/b><\/p>\n<p style=\"text-align: justify;\">\u00a0Devem ser feitas at\u00e9 7 de agosto, exclusivamente pela internet.<\/p>\n<p style=\"text-align: justify;\">O <strong>edital<\/strong> de abertura e o acesso ao sistema\u00a0<i>online<\/i>\u00a0de inscri\u00e7\u00f5es est\u00e3o dispon\u00edveis na p\u00e1gina do Instituto Brasil (<a href=\"https:\/\/www.institutobrasil.net.br\/\" target=\"_blank\">www.institutobrasil.net.br<\/a>), organizador do certame.<\/p>\n<p style=\"text-align: justify;\">Ap\u00f3s fazer a inscri\u00e7\u00e3o, \u00e9 necess\u00e1rio imprimir a Guia de Recolhimento da Uni\u00e3o (GRU) e pagar a taxa em qualquer ag\u00eancia do Banco do Brasil at\u00e9 8 de agosto.<\/p>\n<p style=\"text-align: justify;\">O valor \u00e9 de R$ 100,00 para os cargos de n\u00edvel superior, R$ 80,00 para os de n\u00edvel intermedi\u00e1rio e de R$ 60,00 para os de n\u00edvel b\u00e1sico.<\/p>\n<p style=\"text-align: justify;\"><b>Prova<\/b><\/p>\n<p style=\"text-align: justify;\">\u00a0Ser\u00e1 realizada no dia 4 de setembro, nas cidades de Campo Grande, Dourados e Tr\u00eas Lagoas.<\/p>\n<p style=\"text-align: justify;\"><strong>\u00a0Sal\u00e1rios<\/strong><\/p>\n<p style=\"text-align: justify;\">Os sal\u00e1rios variam de R$ 4.124,54 para classe E (n\u00edvel superior), R$ 2.633,17 para classe D (n\u00edvel m\u00e9dio) e R$ 2.197,04 para classe C (n\u00edvel fundamental), j\u00e1 com o aux\u00edlio alimenta\u00e7\u00e3o inclu\u00eddo.<\/p>\n<p style=\"text-align: justify;\"><b>Contato<\/b><\/p>\n<p style=\"text-align: justify;\"><b><\/b>\u00a0Em caso de d\u00favidas, o contato deve ser feito com a Central de Atendimento do Instituto Brasil, por meio do e-mail c<a href=\"mailto:ontato@institutobrasil.net.br\" target=\"_blank\">ontato@institutobrasil.net.br<\/a>\u00a0ou dos telefones (45) 3326-1928 e (45) 9821-5390.<\/p>\n<p><b>Vagas\u00a0<\/b><\/p>\n<p>&nbsp;<\/p>\n<table width=\"428\" border=\"1\" cellpadding=\"0\">\n<tbody>\n<tr>\n<td colspan=\"2\" valign=\"top\" width=\"424\"><b>Classe E (n\u00edvel superior)<\/b><\/td>\n<\/tr>\n<tr>\n<td valign=\"top\" width=\"292\">\n<p align=\"center\"><b>Cargo<\/b><\/p>\n<\/td>\n<td valign=\"top\" width=\"130\">\n<p align=\"center\"><b>Vagas<\/b><\/p>\n<\/td>\n<\/tr>\n<tr>\n<td width=\"292\">Analista de Tecnologia da Informa\u00e7\u00e3o<\/td>\n<td width=\"130\">\n<p align=\"center\">1<\/p>\n<\/td>\n<\/tr>\n<tr>\n<td width=\"292\">Assistente Social<\/td>\n<td width=\"130\">\n<p align=\"center\">1<\/p>\n<\/td>\n<\/tr>\n<tr>\n<td width=\"292\">Bibliotec\u00e1rio\/Documentalista<\/td>\n<td width=\"130\">\n<p align=\"center\">2<\/p>\n<\/td>\n<\/tr>\n<tr>\n<td width=\"292\">Economista<\/td>\n<td width=\"130\">\n<p align=\"center\">1<\/p>\n<\/td>\n<\/tr>\n<tr>\n<td width=\"292\">Nutricionista<\/td>\n<td width=\"130\">\n<p align=\"center\">1<\/p>\n<\/td>\n<\/tr>\n<tr>\n<td width=\"292\">Tecn\u00f3logo em Gest\u00e3o P\u00fablica<\/td>\n<td width=\"130\">\n<p align=\"center\">4<\/p>\n<\/td>\n<\/tr>\n<tr>\n<td width=\"292\">Tecn\u00f3logo em Produ\u00e7\u00e3o Audiovisual<\/td>\n<td width=\"130\">\n<p align=\"center\">1<\/p>\n<\/td>\n<\/tr>\n<tr>\n<td width=\"292\">T\u00e9cnico em Assuntos Educacionais<\/td>\n<td width=\"130\">\n<p align=\"center\">5<\/p>\n<\/td>\n<\/tr>\n<tr>\n<td width=\"292\">Tecn\u00f3logo em Produ\u00e7\u00e3o Cultural<\/td>\n<td width=\"130\">\n<p align=\"center\">1<\/p>\n<\/td>\n<\/tr>\n<tr>\n<td colspan=\"2\" width=\"424\"><b>Classe D (n\u00edvel m\u00e9dio)<\/b><\/td>\n<\/tr>\n<tr>\n<td valign=\"top\" width=\"292\">Assistente de Administra\u00e7\u00e3o<\/td>\n<td valign=\"top\" width=\"130\">\n<p align=\"center\">10<\/p>\n<\/td>\n<\/tr>\n<tr>\n<td valign=\"top\" width=\"292\">Diagramador<\/td>\n<td valign=\"top\" width=\"130\">\n<p align=\"center\">1<\/p>\n<\/td>\n<\/tr>\n<tr>\n<td valign=\"top\" width=\"292\">T\u00e9cnico de Laborat\u00f3rio de Qu\u00edmica<\/td>\n<td valign=\"top\" width=\"130\">\n<p align=\"center\">5<\/p>\n<\/td>\n<\/tr>\n<tr>\n<td valign=\"top\" width=\"292\">T\u00e9cnico de Laborat\u00f3rio em Inform\u00e1tica<\/td>\n<td valign=\"top\" width=\"130\">\n<p align=\"center\">6<\/p>\n<\/td>\n<\/tr>\n<tr>\n<td valign=\"top\" width=\"292\">T\u00e9cnico de Laborat\u00f3rio de Biologia<\/td>\n<td valign=\"top\" width=\"130\">\n<p align=\"center\">1<\/p>\n<\/td>\n<\/tr>\n<tr>\n<td valign=\"top\" width=\"292\">T\u00e9cnico de Laborat\u00f3rio de Metalurgia<\/td>\n<td valign=\"top\" width=\"130\">\n<p align=\"center\">1<\/p>\n<\/td>\n<\/tr>\n<tr>\n<td valign=\"top\" width=\"292\">T\u00e9cnico em Tecnologia da Informa\u00e7\u00e3o<\/td>\n<td valign=\"top\" width=\"130\">\n<p align=\"center\">5<\/p>\n<\/td>\n<\/tr>\n<tr>\n<td valign=\"top\" width=\"292\">T\u00e9cnico em Alimentos<\/td>\n<td valign=\"top\" width=\"130\">\n<p align=\"center\">1<\/p>\n<\/td>\n<\/tr>\n<tr>\n<td valign=\"top\" width=\"292\">T\u00e9cnico em Audiovisual<\/td>\n<td valign=\"top\" width=\"130\">\n<p align=\"center\">2<\/p>\n<\/td>\n<\/tr>\n<tr>\n<td valign=\"top\" width=\"292\">T\u00e9cnico em Contabilidade<\/td>\n<td valign=\"top\" width=\"130\">\n<p align=\"center\">2<\/p>\n<\/td>\n<\/tr>\n<tr>\n<td valign=\"top\" width=\"292\">T\u00e9cnico em Edifica\u00e7\u00f5es<\/td>\n<td valign=\"top\" width=\"130\">\n<p align=\"center\">1<\/p>\n<\/td>\n<\/tr>\n<tr>\n<td valign=\"top\" width=\"292\">T\u00e9cnico em Secretariado<\/td>\n<td valign=\"top\" width=\"130\">\n<p align=\"center\">2<\/p>\n<\/td>\n<\/tr>\n<tr>\n<td valign=\"top\" width=\"292\">Tradutor e Int\u00e9rprete de Libras<\/td>\n<td valign=\"top\" width=\"130\">\n<p align=\"center\">4<\/p>\n<\/td>\n<\/tr>\n<tr>\n<td colspan=\"2\" width=\"424\"><b>Classe E (n\u00edvel fundamental)<\/b><\/td>\n<\/tr>\n<tr>\n<td width=\"292\">Auxiliar de Biblioteca<\/td>\n<td width=\"130\">\n<p align=\"center\">2<\/p>\n<\/td>\n<\/tr>\n<\/tbody>\n<\/table>\n<p>&nbsp;<\/p>\n<p>fonte: Assessoria de Comunica\u00e7\u00e3o Social do IFMS<\/p>\n<p>&nbsp;<\/p>\n","protected":false},"excerpt":{"rendered":"<p>O Instituto Federal de Mato Grosso do Sul (IFMS) abriu \u00a0as inscri\u00e7\u00f5es no concurso p\u00fablico para o preenchimento de 60 vagas de t\u00e9cnicos-administrativos em educa\u00e7\u00e3o. H\u00e1 cargos de n\u00edveis superior, m\u00e9dio e fundamental.\u00a0 Uma vez aprovado e nomeado, o candidato poder\u00e1 ser lotado em qualquer um dos campi do IFMS nos munic\u00edpios de Aquidauana, Campo [&hellip;]<\/p>\n","protected":false},"author":2,"featured_media":112225,"comment_status":"open","ping_status":"open","sticky":false,"template":"","format":"standard","meta":{"_monsterinsights_skip_tracking":false,"_monsterinsights_sitenote_active":false,"_monsterinsights_sitenote_note":"","_monsterinsights_sitenote_category":0},"categories":[15,76,74],"tags":[26759,23419,186,26760,125,104,348,972,455,6610,6587,26758],"aioseo_notices":[],"_links":{"self":[{"href":"https:\/\/mspontocom.com.br\/site\/wp-json\/wp\/v2\/posts\/112224"}],"collection":[{"href":"https:\/\/mspontocom.com.br\/site\/wp-json\/wp\/v2\/posts"}],"about":[{"href":"https:\/\/mspontocom.com.br\/site\/wp-json\/wp\/v2\/types\/post"}],"author":[{"embeddable":true,"href":"https:\/\/mspontocom.com.br\/site\/wp-json\/wp\/v2\/users\/2"}],"replies":[{"embeddable":true,"href":"https:\/\/mspontocom.com.br\/site\/wp-json\/wp\/v2\/comments?post=112224"}],"version-history":[{"count":0,"href":"https:\/\/mspontocom.com.br\/site\/wp-json\/wp\/v2\/posts\/112224\/revisions"}],"wp:featuredmedia":[{"embeddable":true,"href":"https:\/\/mspontocom.com.br\/site\/wp-json\/wp\/v2\/media\/112225"}],"wp:attachment":[{"href":"https:\/\/mspontocom.com.br\/site\/wp-json\/wp\/v2\/media?parent=112224"}],"wp:term":[{"taxonomy":"category","embeddable":true,"href":"https:\/\/mspontocom.com.br\/site\/wp-json\/wp\/v2\/categories?post=112224"},{"taxonomy":"post_tag","embeddable":true,"href":"https:\/\/mspontocom.com.br\/site\/wp-json\/wp\/v2\/tags?post=112224"}],"curies":[{"name":"wp","href":"https:\/\/api.w.org\/{rel}","templated":true}]}}