{"id":112273,"date":"2016-07-20T13:00:07","date_gmt":"2016-07-20T17:00:07","guid":{"rendered":"https:\/\/mspontocom.com.br\/site\/?p=112273"},"modified":"2016-07-21T05:39:50","modified_gmt":"2016-07-21T09:39:50","slug":"senado-abre-consulta-publica-sobre-projeto-escola-sem-partido","status":"publish","type":"post","link":"https:\/\/mspontocom.com.br\/site\/senado-abre-consulta-publica-sobre-projeto-escola-sem-partido\/","title":{"rendered":"Senado abre consulta p\u00fablica sobre projeto \u201cEscola Sem Partido\u201d"},"content":{"rendered":"<div id=\"attachment_112274\" style=\"width: 689px\" class=\"wp-caption alignleft\"><a href=\"https:\/\/mspontocom.com.br\/site\/wp-content\/uploads\/2016\/07\/voc_decide_tv_tabloide.jpg\"><img aria-describedby=\"caption-attachment-112274\" loading=\"lazy\" class=\"size-full wp-image-112274\" alt=\"voc_decide_tv_tabloide\" src=\"https:\/\/mspontocom.com.br\/site\/wp-content\/uploads\/2016\/07\/voc_decide_tv_tabloide.jpg\" width=\"679\" height=\"456\" \/><\/a><p id=\"caption-attachment-112274\" class=\"wp-caption-text\">arte: conexaotvaudiencia.wordpress.com<\/p><\/div>\n<p style=\"text-align: justify;\">O portal E-Cidadania, do Senado Federal, abriu \u00a0<strong>consulta p\u00fablica<\/strong> sobre o projeto de lei\u00a0que inclui nas diretrizes e bases da educa\u00e7\u00e3o o programa chamado<strong> \u201cEscola Sem Partido\u201d. <\/strong><\/p>\n<p style=\"text-align: justify;\">O cidad\u00e3o precisa dizer se \u00e9 contra ou a favor do projeto e pode sugerir mudan\u00e7as de itens previstos no texto, al\u00e9m de fazer coment\u00e1rios na p\u00e1gina.<\/p>\n<p style=\"text-align: justify;\">O programa Escola Sem Partido foi idealizado pelo procurador do Estado de S\u00e3o Paulo Miguel Nagib e serve de inspira\u00e7\u00e3o para projetos de leis que est\u00e3o em tramita\u00e7\u00e3o em ao menos nove estados.<\/p>\n<p style=\"text-align: justify;\">No Senado, o autor da proposta \u00e9 Magno Malta (PR-ES). Ele justifica o projeto dizendo que os estudantes s\u00e3o \u201celos mais fracos\u201d e que a educa\u00e7\u00e3o moral e religiosa deve ficar a crit\u00e9rio dos pais.<\/p>\n<p>Para votar,<\/p>\n<h3><a href=\"https:\/\/www12.senado.gov.br\/ecidadania\/visualizacaomateria?id=125666\">Consulta P\u00fablica &#8211; PLS 193\/2016 :: Portal e-Cidadania &#8211; Senado Federal<\/a><\/h3>\n","protected":false},"excerpt":{"rendered":"<p>O portal E-Cidadania, do Senado Federal, abriu \u00a0consulta p\u00fablica sobre o projeto de lei\u00a0que inclui nas diretrizes e bases da educa\u00e7\u00e3o o programa chamado \u201cEscola Sem Partido\u201d. O cidad\u00e3o precisa dizer se \u00e9 contra ou a favor do projeto e pode sugerir mudan\u00e7as de itens previstos no texto, al\u00e9m de fazer coment\u00e1rios na p\u00e1gina. O [&hellip;]<\/p>\n","protected":false},"author":2,"featured_media":0,"comment_status":"open","ping_status":"open","sticky":false,"template":"","format":"standard","meta":{"_monsterinsights_skip_tracking":false,"_monsterinsights_sitenote_active":false,"_monsterinsights_sitenote_note":"","_monsterinsights_sitenote_category":0},"categories":[6,76,12],"tags":[26780,23419,1611,2353,26779,26781,6587,26778,374,914,3698],"aioseo_notices":[],"_links":{"self":[{"href":"https:\/\/mspontocom.com.br\/site\/wp-json\/wp\/v2\/posts\/112273"}],"collection":[{"href":"https:\/\/mspontocom.com.br\/site\/wp-json\/wp\/v2\/posts"}],"about":[{"href":"https:\/\/mspontocom.com.br\/site\/wp-json\/wp\/v2\/types\/post"}],"author":[{"embeddable":true,"href":"https:\/\/mspontocom.com.br\/site\/wp-json\/wp\/v2\/users\/2"}],"replies":[{"embeddable":true,"href":"https:\/\/mspontocom.com.br\/site\/wp-json\/wp\/v2\/comments?post=112273"}],"version-history":[{"count":0,"href":"https:\/\/mspontocom.com.br\/site\/wp-json\/wp\/v2\/posts\/112273\/revisions"}],"wp:attachment":[{"href":"https:\/\/mspontocom.com.br\/site\/wp-json\/wp\/v2\/media?parent=112273"}],"wp:term":[{"taxonomy":"category","embeddable":true,"href":"https:\/\/mspontocom.com.br\/site\/wp-json\/wp\/v2\/categories?post=112273"},{"taxonomy":"post_tag","embeddable":true,"href":"https:\/\/mspontocom.com.br\/site\/wp-json\/wp\/v2\/tags?post=112273"}],"curies":[{"name":"wp","href":"https:\/\/api.w.org\/{rel}","templated":true}]}}