{"id":112466,"date":"2016-07-26T09:00:45","date_gmt":"2016-07-26T13:00:45","guid":{"rendered":"https:\/\/mspontocom.com.br\/site\/?p=112466"},"modified":"2016-07-26T07:47:39","modified_gmt":"2016-07-26T11:47:39","slug":"gratuito-curso-tecnico-em-agronegocio-inscricoes-terminam-hoje","status":"publish","type":"post","link":"https:\/\/mspontocom.com.br\/site\/gratuito-curso-tecnico-em-agronegocio-inscricoes-terminam-hoje\/","title":{"rendered":"Gratuito: Curso T\u00e9cnico em Agroneg\u00f3cio. Inscri\u00e7\u00f5es terminam hoje"},"content":{"rendered":"<p style=\"text-align: justify;\"><a href=\"https:\/\/mspontocom.com.br\/site\/wp-content\/uploads\/2016\/07\/senar11.jpg\"><img loading=\"lazy\" class=\"alignnone size-medium wp-image-112467\" alt=\"senar1\" src=\"https:\/\/mspontocom.com.br\/site\/wp-content\/uploads\/2016\/07\/senar11-260x146.jpg\" width=\"260\" height=\"146\" \/><\/a>O Servi\u00e7o Nacional de Aprendizagem Rural (SENAR) encerra hoje, dia 26 as \u00a0inscri\u00e7\u00f5es para a sele\u00e7\u00e3o\u00a0 do seu<b>\u00a0<strong>Curso T\u00e9cnico em Agroneg\u00f3cio,<\/strong><\/b><\/p>\n<p style=\"text-align: justify;\">O curso \u00e9 na modalidade\u00a0<strong>semipresencial e inteiramente gratuito<\/strong>.<\/p>\n<p style=\"text-align: justify;\">Para se inscrever, o \u00fanico requisito\u00a0 \u00e9\u00a0 ter o Ensino M\u00e9dio completo.<\/p>\n<p style=\"text-align: justify;\">Com dura\u00e7\u00e3o de dois anos, o\u00a0 Curso T\u00e9cnico em Agroneg\u00f3cio do<b>\u00a0<\/b><strong>SENAR<\/strong>\u00a0\u00e9 realizado em parceria com o Minist\u00e9rio da\u00a0<strong>Educa\u00e7\u00e3o (MEC), por meio da Rede e-Tec Brasil, inserida no PRONATEC.<\/strong><\/p>\n<p style=\"text-align: justify;\"><strong>Vagas nos Estados<\/strong><\/p>\n<p style=\"text-align: justify;\">S\u00e3o oferecidas 1.500 vagas distribu\u00eddas em 40 polos pelos estados do\u00a0<strong>\u00a0Mato Grosso do Sul,<\/strong>Acre, Amazonas, Bahia, Cear\u00e1, Maranh\u00e3o, Minas Gerais, Mato Grosso,<strong>\u00a0<\/strong>\u00a0Par\u00e1, Para\u00edba, Pernambuco, Piau\u00ed, Rio de Janeiro, Rio Grande do Norte, Rio Grande do Sul, Rond\u00f4nia, Roraima, Santa Catarina e Tocantins.<\/p>\n<p style=\"text-align: justify;\"><strong>Inscri\u00e7\u00f5es<\/strong><\/p>\n<p style=\"text-align: justify;\">O edital da sele\u00e7\u00e3o est\u00e1 dispon\u00edvel no portal<b>\u00a0<\/b><strong>https:\/\/etec.senar.org.br\/<\/strong>, onde tamb\u00e9m s\u00e3o feitas as inscri\u00e7\u00f5es.<\/p>\n<p style=\"text-align: justify;\"><strong>\u00a0<\/strong><\/p>\n<p style=\"text-align: justify;\">\n","protected":false},"excerpt":{"rendered":"<p>O Servi\u00e7o Nacional de Aprendizagem Rural (SENAR) encerra hoje, dia 26 as \u00a0inscri\u00e7\u00f5es para a sele\u00e7\u00e3o\u00a0 do seu\u00a0Curso T\u00e9cnico em Agroneg\u00f3cio, O curso \u00e9 na modalidade\u00a0semipresencial e inteiramente gratuito. Para se inscrever, o \u00fanico requisito\u00a0 \u00e9\u00a0 ter o Ensino M\u00e9dio completo. Com dura\u00e7\u00e3o de dois anos, o\u00a0 Curso T\u00e9cnico em Agroneg\u00f3cio do\u00a0SENAR\u00a0\u00e9 realizado em parceria [&hellip;]<\/p>\n","protected":false},"author":2,"featured_media":0,"comment_status":"open","ping_status":"open","sticky":false,"template":"","format":"standard","meta":{"_monsterinsights_skip_tracking":false,"_monsterinsights_sitenote_active":false,"_monsterinsights_sitenote_note":"","_monsterinsights_sitenote_category":0},"categories":[15,76],"tags":[19501,147,104,22027,455,6587,16738,458,24814],"aioseo_notices":[],"_links":{"self":[{"href":"https:\/\/mspontocom.com.br\/site\/wp-json\/wp\/v2\/posts\/112466"}],"collection":[{"href":"https:\/\/mspontocom.com.br\/site\/wp-json\/wp\/v2\/posts"}],"about":[{"href":"https:\/\/mspontocom.com.br\/site\/wp-json\/wp\/v2\/types\/post"}],"author":[{"embeddable":true,"href":"https:\/\/mspontocom.com.br\/site\/wp-json\/wp\/v2\/users\/2"}],"replies":[{"embeddable":true,"href":"https:\/\/mspontocom.com.br\/site\/wp-json\/wp\/v2\/comments?post=112466"}],"version-history":[{"count":0,"href":"https:\/\/mspontocom.com.br\/site\/wp-json\/wp\/v2\/posts\/112466\/revisions"}],"wp:attachment":[{"href":"https:\/\/mspontocom.com.br\/site\/wp-json\/wp\/v2\/media?parent=112466"}],"wp:term":[{"taxonomy":"category","embeddable":true,"href":"https:\/\/mspontocom.com.br\/site\/wp-json\/wp\/v2\/categories?post=112466"},{"taxonomy":"post_tag","embeddable":true,"href":"https:\/\/mspontocom.com.br\/site\/wp-json\/wp\/v2\/tags?post=112466"}],"curies":[{"name":"wp","href":"https:\/\/api.w.org\/{rel}","templated":true}]}}