{"id":112509,"date":"2016-07-27T10:00:40","date_gmt":"2016-07-27T14:00:40","guid":{"rendered":"https:\/\/mspontocom.com.br\/site\/?p=112509"},"modified":"2016-07-27T07:30:51","modified_gmt":"2016-07-27T11:30:51","slug":"ifms-abre-inscricoes-para-cursos-de-graduacao-em-3-cidades-do-estado","status":"publish","type":"post","link":"https:\/\/mspontocom.com.br\/site\/ifms-abre-inscricoes-para-cursos-de-graduacao-em-3-cidades-do-estado\/","title":{"rendered":"IFMS abre inscri\u00e7\u00f5es para cursos de gradua\u00e7\u00e3o em 3 cidades do Estado"},"content":{"rendered":"<p style=\"text-align: justify;\"><a href=\"https:\/\/mspontocom.com.br\/site\/wp-content\/uploads\/2016\/07\/ifms11.jpg\"><img loading=\"lazy\" class=\"alignnone size-medium wp-image-112510\" alt=\"ifms1\" src=\"https:\/\/mspontocom.com.br\/site\/wp-content\/uploads\/2016\/07\/ifms11-260x195.jpg\" width=\"260\" height=\"195\" \/><\/a> O Instituto Federal de Mato Grosso do Sul <strong>(IFMS)<\/strong> abriu \u00a0prazo de inscri\u00e7\u00f5es para ingresso em 68 vagas de gradua\u00e7\u00e3o.<\/p>\n<p style=\"text-align: justify;\">O edital com as regras do processo seletivo est\u00e1 dispon\u00edvel na Central de Sele\u00e7\u00e3o (<a href=\"https:\/\/www.ifms.edu.br\/centraldeselecao\" target=\"_blank\">www.ifms.edu.br\/centraldeselecao<\/a>).<\/p>\n<p style=\"text-align: justify;\"><strong>Vagas e munic\u00edpios\u00a0<\/strong><\/p>\n<p style=\"text-align: justify;\">As vagas s\u00e3o para os cursos superiores de Tecnologia em Sistemas para Internet, An\u00e1lise e Desenvolvimento de Sistemas e Agroneg\u00f3cio oferecidos, respectivamente, pelos campi <strong>Aquidauana, Nova Andradina e Ponta Por\u00e3.<\/strong><\/p>\n<p style=\"text-align: justify;\">Os interessados devem se inscrever pela internet at\u00e9 sexta-feira, 29. \u00c9 obrigat\u00f3rio o uso de CPF pr\u00f3prio.<\/p>\n<p style=\"text-align: justify;\"><strong>Sisu\u00a0<\/strong><\/p>\n<p style=\"text-align: justify;\">Neste edital, o IFMS oferta vagas residuais do Sistema de Sele\u00e7\u00e3o Unificada (Sisu), disponibilizadas ap\u00f3s as chamadas regulares e o encerramento da lista de espera das sele\u00e7\u00f5es anteriores.<\/p>\n<p style=\"text-align: justify;\"><b>B\u00f4nus local\u00a0<\/b><\/p>\n<p style=\"text-align: justify;\">\u00a0Os candidatos inscritos na ampla concorr\u00eancia poder\u00e3o ter um b\u00f4nus de 20% sobre a nota do Enem. Trata-se de uma a\u00e7\u00e3o afirmativa do IFMS de car\u00e1ter local.<\/p>\n<p style=\"text-align: justify;\">Nesse caso, o candidato deve residir e ser domiciliado na \u00e1rea de abrang\u00eancia do campus onde concorre \u00e0 vaga. A rela\u00e7\u00e3o dos munic\u00edpios contemplados consta no edital do processo seletivo.<\/p>\n<p style=\"text-align: justify;\">\u00a0<b>Sele\u00e7\u00e3o<\/b><\/p>\n<p style=\"text-align: justify;\">Ser\u00e1 feita com base nos resultados do Exame Nacional do Ensino M\u00e9dio<strong> (Enem)<\/strong> de 2015. O candidato deve ter obtido acima de zero nas provas, inclusive na reda\u00e7\u00e3o.<\/p>\n<p style=\"text-align: justify;\"><b>Vagas<\/b><\/p>\n<p style=\"text-align: justify;\">\n<table width=\"513\" border=\"1\" cellpadding=\"0\">\n<tbody>\n<tr>\n<td valign=\"top\" width=\"142\">\n<p align=\"center\"><b>Campus<\/b><\/p>\n<\/td>\n<td valign=\"top\" width=\"291\">\n<p align=\"center\"><b>Curso<\/b><\/p>\n<\/td>\n<td valign=\"top\" width=\"73\">\n<p align=\"center\"><b>Vagas<\/b><\/p>\n<\/td>\n<\/tr>\n<tr>\n<td width=\"142\">\n<p align=\"center\">Aquidauana<\/p>\n<\/td>\n<td width=\"291\">\n<p align=\"center\">Sistemas para Internet<\/p>\n<\/td>\n<td width=\"73\">\n<p align=\"center\">12<\/p>\n<\/td>\n<\/tr>\n<tr>\n<td width=\"142\">\n<p align=\"center\">Nova Andradina<\/p>\n<\/td>\n<td width=\"291\">\n<p align=\"center\">An\u00e1lise e Desenvolvimento de Sistemas<\/p>\n<\/td>\n<td width=\"73\">\n<p align=\"center\">24<\/p>\n<\/td>\n<\/tr>\n<tr>\n<td width=\"142\">\n<p align=\"center\">Ponta Por\u00e3<\/p>\n<\/td>\n<td width=\"291\">\n<p align=\"center\">Agroneg\u00f3cio<\/p>\n<\/td>\n<td width=\"73\">\n<p align=\"center\">32<\/p>\n<\/td>\n<\/tr>\n<\/tbody>\n<\/table>\n<p style=\"text-align: justify;\">\n","protected":false},"excerpt":{"rendered":"<p>O Instituto Federal de Mato Grosso do Sul (IFMS) abriu \u00a0prazo de inscri\u00e7\u00f5es para ingresso em 68 vagas de gradua\u00e7\u00e3o. O edital com as regras do processo seletivo est\u00e1 dispon\u00edvel na Central de Sele\u00e7\u00e3o (www.ifms.edu.br\/centraldeselecao). Vagas e munic\u00edpios\u00a0 As vagas s\u00e3o para os cursos superiores de Tecnologia em Sistemas para Internet, An\u00e1lise e Desenvolvimento de [&hellip;]<\/p>\n","protected":false},"author":2,"featured_media":0,"comment_status":"open","ping_status":"open","sticky":false,"template":"","format":"standard","meta":{"_monsterinsights_skip_tracking":false,"_monsterinsights_sitenote_active":false,"_monsterinsights_sitenote_note":"","_monsterinsights_sitenote_category":0},"categories":[76,4327],"tags":[26855,245,2394,104,1712,972,455,81,6587,822,498],"aioseo_notices":[],"_links":{"self":[{"href":"https:\/\/mspontocom.com.br\/site\/wp-json\/wp\/v2\/posts\/112509"}],"collection":[{"href":"https:\/\/mspontocom.com.br\/site\/wp-json\/wp\/v2\/posts"}],"about":[{"href":"https:\/\/mspontocom.com.br\/site\/wp-json\/wp\/v2\/types\/post"}],"author":[{"embeddable":true,"href":"https:\/\/mspontocom.com.br\/site\/wp-json\/wp\/v2\/users\/2"}],"replies":[{"embeddable":true,"href":"https:\/\/mspontocom.com.br\/site\/wp-json\/wp\/v2\/comments?post=112509"}],"version-history":[{"count":0,"href":"https:\/\/mspontocom.com.br\/site\/wp-json\/wp\/v2\/posts\/112509\/revisions"}],"wp:attachment":[{"href":"https:\/\/mspontocom.com.br\/site\/wp-json\/wp\/v2\/media?parent=112509"}],"wp:term":[{"taxonomy":"category","embeddable":true,"href":"https:\/\/mspontocom.com.br\/site\/wp-json\/wp\/v2\/categories?post=112509"},{"taxonomy":"post_tag","embeddable":true,"href":"https:\/\/mspontocom.com.br\/site\/wp-json\/wp\/v2\/tags?post=112509"}],"curies":[{"name":"wp","href":"https:\/\/api.w.org\/{rel}","templated":true}]}}