{"id":112682,"date":"2016-08-02T10:00:37","date_gmt":"2016-08-02T14:00:37","guid":{"rendered":"https:\/\/mspontocom.com.br\/site\/?p=112682"},"modified":"2016-08-02T08:17:57","modified_gmt":"2016-08-02T12:17:57","slug":"dourados-encontro-de-ensino-pesquisa-e-extensao-2016-inscricoes-abertas","status":"publish","type":"post","link":"https:\/\/mspontocom.com.br\/site\/dourados-encontro-de-ensino-pesquisa-e-extensao-2016-inscricoes-abertas\/","title":{"rendered":"Dourados: Encontro de Ensino, Pesquisa e Extens\u00e3o 2016. Inscri\u00e7\u00f5es abertas"},"content":{"rendered":"<p style=\"text-align: justify;\"><a href=\"https:\/\/mspontocom.com.br\/site\/wp-content\/uploads\/2016\/08\/enepex.jpg\"><img loading=\"lazy\" class=\"alignnone size-medium wp-image-112683\" alt=\"enepex\" src=\"https:\/\/mspontocom.com.br\/site\/wp-content\/uploads\/2016\/08\/enepex-260x143.jpg\" width=\"260\" height=\"143\" \/><\/a>O III ENEPEX recebe inscri\u00e7\u00f5es de 1\u00ba a 15 de agosto.<\/p>\n<p style=\"text-align: justify;\">O Encontro de Ensino, Pesquisa e Extens\u00e3o, \u00e9 elaborado em conjunto pela <strong>UEMS<\/strong> e Universidade Federal da Grande Dourados<strong> (UFGD)<\/strong><\/p>\n<p style=\"text-align: justify;\">O evento universit\u00e1rio acontece nos dias 28, 29 e 30 de setembro e ter\u00e1 como tema <strong>O Impacto da Universidade na Sociedade.<\/strong><\/p>\n<p style=\"text-align: justify;\">Com foco na divulga\u00e7\u00e3o de a\u00e7\u00f5es universit\u00e1rias na \u00e1rea de Ensino, Pesquisa e Extens\u00e3o, o \u00a0evento ir\u00e1 promover palestras, confer\u00eancias, apresenta\u00e7\u00f5es de p\u00f4steres, apresenta\u00e7\u00f5es culturais, dentre outras atividades.<\/p>\n<p style=\"text-align: justify;\"><strong>Inscri\u00e7\u00f5es<\/strong><\/p>\n<p style=\"text-align: justify;\">As inscri\u00e7\u00f5es devem ser realizadas na p\u00e1gina oficial do ENEPEX 2016, dispon\u00edvel neste endere\u00e7o eletr\u00f4nico \u00a0<a href=\"https:\/\/enepex.uems.br\/\">https:\/\/enepex.uems.br<\/a>\u00a0.<\/p>\n<p style=\"text-align: justify;\"><strong>Mais informa\u00e7\u00f5es<\/strong><\/p>\n<p style=\"text-align: justify;\"><span style=\"line-height: 1.5em;\">Todas as outras informa\u00e7\u00f5es do ENEPEX 2016, como Normas e Modelos, Apresenta\u00e7\u00e3o\u00a0e Programa\u00e7\u00e3o constam na\u00a0<\/span><a style=\"line-height: 1.5em;\" href=\"https:\/\/enepex.uems.br\/\">p\u00e1gina do evento<\/a><span style=\"line-height: 1.5em;\">.<\/span><\/p>\n<p style=\"text-align: justify;\">\n<p style=\"text-align: justify;\">\n<p style=\"text-align: justify;\"><em>fonte: UEMS<\/em><\/p>\n<p style=\"text-align: justify;\">\n","protected":false},"excerpt":{"rendered":"<p>O III ENEPEX recebe inscri\u00e7\u00f5es de 1\u00ba a 15 de agosto. O Encontro de Ensino, Pesquisa e Extens\u00e3o, \u00e9 elaborado em conjunto pela UEMS e Universidade Federal da Grande Dourados (UFGD) O evento universit\u00e1rio acontece nos dias 28, 29 e 30 de setembro e ter\u00e1 como tema O Impacto da Universidade na Sociedade. Com foco [&hellip;]<\/p>\n","protected":false},"author":2,"featured_media":0,"comment_status":"open","ping_status":"open","sticky":false,"template":"","format":"standard","meta":{"_monsterinsights_skip_tracking":false,"_monsterinsights_sitenote_active":false,"_monsterinsights_sitenote_note":"","_monsterinsights_sitenote_category":0},"categories":[76,4327],"tags":[192,104,4536,2197,23257,26913,5951,81,6587,733,432,12071],"aioseo_notices":[],"_links":{"self":[{"href":"https:\/\/mspontocom.com.br\/site\/wp-json\/wp\/v2\/posts\/112682"}],"collection":[{"href":"https:\/\/mspontocom.com.br\/site\/wp-json\/wp\/v2\/posts"}],"about":[{"href":"https:\/\/mspontocom.com.br\/site\/wp-json\/wp\/v2\/types\/post"}],"author":[{"embeddable":true,"href":"https:\/\/mspontocom.com.br\/site\/wp-json\/wp\/v2\/users\/2"}],"replies":[{"embeddable":true,"href":"https:\/\/mspontocom.com.br\/site\/wp-json\/wp\/v2\/comments?post=112682"}],"version-history":[{"count":0,"href":"https:\/\/mspontocom.com.br\/site\/wp-json\/wp\/v2\/posts\/112682\/revisions"}],"wp:attachment":[{"href":"https:\/\/mspontocom.com.br\/site\/wp-json\/wp\/v2\/media?parent=112682"}],"wp:term":[{"taxonomy":"category","embeddable":true,"href":"https:\/\/mspontocom.com.br\/site\/wp-json\/wp\/v2\/categories?post=112682"},{"taxonomy":"post_tag","embeddable":true,"href":"https:\/\/mspontocom.com.br\/site\/wp-json\/wp\/v2\/tags?post=112682"}],"curies":[{"name":"wp","href":"https:\/\/api.w.org\/{rel}","templated":true}]}}