{"id":112764,"date":"2016-08-04T08:30:51","date_gmt":"2016-08-04T12:30:51","guid":{"rendered":"https:\/\/mspontocom.com.br\/site\/?p=112764"},"modified":"2016-08-04T07:40:22","modified_gmt":"2016-08-04T11:40:22","slug":"educacao-parlamento-juvenil-do-mercosul-inscricoes-abertas","status":"publish","type":"post","link":"https:\/\/mspontocom.com.br\/site\/educacao-parlamento-juvenil-do-mercosul-inscricoes-abertas\/","title":{"rendered":"Educa\u00e7\u00e3o: Parlamento Juvenil do MERCOSUL. Inscri\u00e7\u00f5es Abertas"},"content":{"rendered":"<p style=\"text-align: justify;\"><a href=\"https:\/\/mspontocom.com.br\/site\/wp-content\/uploads\/2016\/08\/mercosul.png\"><img loading=\"lazy\" class=\"alignleft size-medium wp-image-112765\" alt=\"mercosul\" src=\"https:\/\/mspontocom.com.br\/site\/wp-content\/uploads\/2016\/08\/mercosul-260x260.png\" width=\"260\" height=\"260\" \/><\/a>Est\u00e3o abertas as inscri\u00e7\u00f5es para o <strong>Parlamento Juvenil do MERCOSUL 2016-2018<\/strong><\/p>\n<p style=\"text-align: justify;\">O projeto busca a integra\u00e7\u00e3o regional dos jovens parlamentares que, ap\u00f3s discuss\u00f5es conjuntas recomendam a ado\u00e7\u00e3o de pol\u00edticas educativas que promovam uma cidadania regional e uma cultura de paz, \u00a0democracia, aos direitos humanos e ao meio ambiente.<\/p>\n<p style=\"text-align: justify;\"><strong>Alunos<\/strong><\/p>\n<p style=\"text-align: justify;\">O jovem interessado em se tornar um parlamentar juvenil do MERCOSUL dever\u00e1 estar <strong>matriculado no 1\u00b0 ou 2\u00b0 ano do ensino m\u00e9dio regular ou integrado,<\/strong> e ainda, dever\u00e1 elaborar um projeto autoral \u00a0e encaminh\u00e1-lo \u00e0 Secretaria de Estado de Educa\u00e7\u00e3o (SED) pelos correios, juntamente com os demais documentos solicitados no Edital 2016-2018, at\u00e9 5 de setembro.<\/p>\n<p style=\"text-align: justify;\"><strong>Mandato<\/strong><\/p>\n<p style=\"text-align: justify;\">O jovem eleito para representar a Unidade da Federa\u00e7\u00e3o e o Brasil no PJM ter\u00e1 o mandato de dois anos e, durante esse per\u00edodo, participar\u00e1 do processo de elabora\u00e7\u00e3o e divulga\u00e7\u00e3o da Declara\u00e7\u00e3o do Parlamento Juvenil, documento produzido pelos parlamentares juvenis de todos os pa\u00edses-membros e associados.<\/p>\n<p style=\"text-align: justify;\"><strong>Servi\u00e7o<\/strong><\/p>\n<p style=\"text-align: justify;\">Acesse\u00a0<a href=\"https:\/\/portal.mec.gov.br\/index.php?option=com_docman&amp;view=download&amp;alias=45651-edital-pjm-2016-pdf&amp;category_slug=julho-2016-pdf&amp;Itemid=30192\">aqui o edital<\/a>.<\/p>\n<p style=\"text-align: justify;\">Outras informa\u00e7\u00f5es com a Coordenadoria de Pol\u00edticas para a Educa\u00e7\u00e3o B\u00e1sica: (67) 3318-2313\/2341\/2372<\/p>\n<p style=\"text-align: justify;\">\n","protected":false},"excerpt":{"rendered":"<p>Est\u00e3o abertas as inscri\u00e7\u00f5es para o Parlamento Juvenil do MERCOSUL 2016-2018 O projeto busca a integra\u00e7\u00e3o regional dos jovens parlamentares que, ap\u00f3s discuss\u00f5es conjuntas recomendam a ado\u00e7\u00e3o de pol\u00edticas educativas que promovam uma cidadania regional e uma cultura de paz, \u00a0democracia, aos direitos humanos e ao meio ambiente. Alunos O jovem interessado em se tornar [&hellip;]<\/p>\n","protected":false},"author":2,"featured_media":0,"comment_status":"open","ping_status":"open","sticky":false,"template":"","format":"standard","meta":{"_monsterinsights_skip_tracking":false,"_monsterinsights_sitenote_active":false,"_monsterinsights_sitenote_note":"","_monsterinsights_sitenote_category":0},"categories":[76],"tags":[125,104,455,26938,1213,6587,22046],"aioseo_notices":[],"_links":{"self":[{"href":"https:\/\/mspontocom.com.br\/site\/wp-json\/wp\/v2\/posts\/112764"}],"collection":[{"href":"https:\/\/mspontocom.com.br\/site\/wp-json\/wp\/v2\/posts"}],"about":[{"href":"https:\/\/mspontocom.com.br\/site\/wp-json\/wp\/v2\/types\/post"}],"author":[{"embeddable":true,"href":"https:\/\/mspontocom.com.br\/site\/wp-json\/wp\/v2\/users\/2"}],"replies":[{"embeddable":true,"href":"https:\/\/mspontocom.com.br\/site\/wp-json\/wp\/v2\/comments?post=112764"}],"version-history":[{"count":0,"href":"https:\/\/mspontocom.com.br\/site\/wp-json\/wp\/v2\/posts\/112764\/revisions"}],"wp:attachment":[{"href":"https:\/\/mspontocom.com.br\/site\/wp-json\/wp\/v2\/media?parent=112764"}],"wp:term":[{"taxonomy":"category","embeddable":true,"href":"https:\/\/mspontocom.com.br\/site\/wp-json\/wp\/v2\/categories?post=112764"},{"taxonomy":"post_tag","embeddable":true,"href":"https:\/\/mspontocom.com.br\/site\/wp-json\/wp\/v2\/tags?post=112764"}],"curies":[{"name":"wp","href":"https:\/\/api.w.org\/{rel}","templated":true}]}}