{"id":112958,"date":"2016-08-11T13:00:06","date_gmt":"2016-08-11T17:00:06","guid":{"rendered":"https:\/\/mspontocom.com.br\/site\/?p=112958"},"modified":"2016-08-11T13:18:46","modified_gmt":"2016-08-11T17:18:46","slug":"dilma-aceita-retirar-expressao-golpe-carta-aos-senadores","status":"publish","type":"post","link":"https:\/\/mspontocom.com.br\/site\/dilma-aceita-retirar-expressao-golpe-carta-aos-senadores\/","title":{"rendered":"Dilma aceita retirar express\u00e3o &#8220;GOLPE&#8221; na carta aos senadores"},"content":{"rendered":"<p style=\"text-align: justify;\"><a href=\"https:\/\/mspontocom.com.br\/site\/wp-content\/uploads\/2016\/08\/dilma-carta.jpg\"><img loading=\"lazy\" class=\"alignleft size-full wp-image-112959\" alt=\"dilma-carta\" src=\"https:\/\/mspontocom.com.br\/site\/wp-content\/uploads\/2016\/08\/dilma-carta.jpg\" width=\"403\" height=\"472\" srcset=\"https:\/\/mspontocom.com.br\/site\/wp-content\/uploads\/2016\/08\/dilma-carta.jpg 403w, https:\/\/mspontocom.com.br\/site\/wp-content\/uploads\/2016\/08\/dilma-carta-239x280.jpg 239w\" sizes=\"(max-width: 403px) 100vw, 403px\" \/><\/a>A presidente afastada <strong>Dilma Rousseff<\/strong> fez nesta\u00a0quarta-feira, (10) um acordo com senadores aliados\u00a0para retirar a palavra<strong> &#8220;golpe&#8221;<\/strong> da carta que vai divulgar nos pr\u00f3ximos dias, quando se referir ao processo de impeachment.<\/p>\n<p style=\"text-align: justify;\">Em reuni\u00e3o com\u00a0senadores que a apoiaram,\u00a0um dia ap\u00f3s virar r\u00e9 no processo, Dilma afirmou que, pessoalmente, defendia a inclus\u00e3o do termo, mas aceitou os argumentos de que chamar parlamentares de\u00a0golpistas, neste momento, pode faz\u00ea-la perder ainda mais votos.<\/p>\n<p style=\"text-align: justify;\">O senador Randolfe Rodrigues (Rede-AP) disse que Dilma concordou, ap\u00f3s muitas pondera\u00e7\u00f5es, em retirar a men\u00e7\u00e3o ao que seus defensores\u00a0classificam como &#8220;golpe&#8221; parlamentar.<\/p>\n<p style=\"text-align: justify;\">Na<strong> Carta aos Senadores e ao Povo Brasileiro<\/strong>, que est\u00e1 sendo reescrita, a presidente afastada tamb\u00e9m vai demonstrar disposi\u00e7\u00e3o para atuar pela concerta\u00e7\u00e3o nacional, apoiando a Opera\u00e7\u00e3o\u00a0Lava Jato.<\/p>\n<p style=\"text-align: justify;\"><span style=\"line-height: 1.5em;\">Embora nos bastidores o<strong> impeachment<\/strong> seja considerado irrevers\u00edvel, os aliados da presidente afastada procuram em p\u00fablico demonstrar resist\u00eancia. Na madrugada desta quarta-feira, o\u00a0Senado decidiu, por 59 votos favor\u00e1veis e 21 contr\u00e1rios, que Dilma ir\u00e1 a julgamento na Casa.\u00a0<\/span><\/p>\n<p style=\"text-align: justify;\"><span style=\"line-height: 1.5em;\">Fonte: Ag\u00eancia Estado(AE)<\/span><\/p>\n","protected":false},"excerpt":{"rendered":"<p>A presidente afastada Dilma Rousseff fez nesta\u00a0quarta-feira, (10) um acordo com senadores aliados\u00a0para retirar a palavra &#8220;golpe&#8221; da carta que vai divulgar nos pr\u00f3ximos dias, quando se referir ao processo de impeachment. Em reuni\u00e3o com\u00a0senadores que a apoiaram,\u00a0um dia ap\u00f3s virar r\u00e9 no processo, Dilma afirmou que, pessoalmente, defendia a inclus\u00e3o do termo, mas aceitou [&hellip;]<\/p>\n","protected":false},"author":2,"featured_media":112959,"comment_status":"open","ping_status":"open","sticky":false,"template":"","format":"standard","meta":{"_monsterinsights_skip_tracking":false,"_monsterinsights_sitenote_active":false,"_monsterinsights_sitenote_note":"","_monsterinsights_sitenote_category":0},"categories":[6,12],"tags":[26740,26991,24285,195,3109,5441,6587,154,26992,12880],"aioseo_notices":[],"_links":{"self":[{"href":"https:\/\/mspontocom.com.br\/site\/wp-json\/wp\/v2\/posts\/112958"}],"collection":[{"href":"https:\/\/mspontocom.com.br\/site\/wp-json\/wp\/v2\/posts"}],"about":[{"href":"https:\/\/mspontocom.com.br\/site\/wp-json\/wp\/v2\/types\/post"}],"author":[{"embeddable":true,"href":"https:\/\/mspontocom.com.br\/site\/wp-json\/wp\/v2\/users\/2"}],"replies":[{"embeddable":true,"href":"https:\/\/mspontocom.com.br\/site\/wp-json\/wp\/v2\/comments?post=112958"}],"version-history":[{"count":0,"href":"https:\/\/mspontocom.com.br\/site\/wp-json\/wp\/v2\/posts\/112958\/revisions"}],"wp:featuredmedia":[{"embeddable":true,"href":"https:\/\/mspontocom.com.br\/site\/wp-json\/wp\/v2\/media\/112959"}],"wp:attachment":[{"href":"https:\/\/mspontocom.com.br\/site\/wp-json\/wp\/v2\/media?parent=112958"}],"wp:term":[{"taxonomy":"category","embeddable":true,"href":"https:\/\/mspontocom.com.br\/site\/wp-json\/wp\/v2\/categories?post=112958"},{"taxonomy":"post_tag","embeddable":true,"href":"https:\/\/mspontocom.com.br\/site\/wp-json\/wp\/v2\/tags?post=112958"}],"curies":[{"name":"wp","href":"https:\/\/api.w.org\/{rel}","templated":true}]}}