{"id":112978,"date":"2016-08-12T06:53:27","date_gmt":"2016-08-12T10:53:27","guid":{"rendered":"https:\/\/mspontocom.com.br\/site\/?p=112978"},"modified":"2016-08-12T07:02:29","modified_gmt":"2016-08-12T11:02:29","slug":"pt-quer-que-dilma-assuma-caixa-2-campanha-para-detonar-temer","status":"publish","type":"post","link":"https:\/\/mspontocom.com.br\/site\/pt-quer-que-dilma-assuma-caixa-2-campanha-para-detonar-temer\/","title":{"rendered":"PT quer que Dilma assuma &#8220;Caixa 2&#8221; da campanha para detonar Temer"},"content":{"rendered":"<p style=\"text-align: justify;\"><a href=\"https:\/\/mspontocom.com.br\/site\/wp-content\/uploads\/2016\/08\/Dilma-e-Temer.jpg\"><img loading=\"lazy\" class=\"alignleft size-full wp-image-112979\" alt=\"Dilma-e-Temer\" src=\"https:\/\/mspontocom.com.br\/site\/wp-content\/uploads\/2016\/08\/Dilma-e-Temer.jpg\" width=\"517\" height=\"319\" srcset=\"https:\/\/mspontocom.com.br\/site\/wp-content\/uploads\/2016\/08\/Dilma-e-Temer.jpg 517w, https:\/\/mspontocom.com.br\/site\/wp-content\/uploads\/2016\/08\/Dilma-e-Temer-260x160.jpg 260w\" sizes=\"(max-width: 517px) 100vw, 517px\" \/><\/a>O<strong> PT<\/strong> pressiona<strong> Dilma<\/strong> a assumir a responsabilidade pelo <strong>\u201ccaixa 2\u201d<\/strong> de sua campanha, confirmada pelo marqueteiro Jo\u00e3o Santana e j\u00e1 negado por ela, no processo no Tribunal Superior Eleitoral (TSE).<\/p>\n<p style=\"text-align: justify;\">Assumindo, ela tentaria contaminar a chapa, isto \u00e9, o vice.<\/p>\n<p style=\"text-align: justify;\"><strong>Michel Temer<\/strong> j\u00e1 pediu ao TSE o desmembramento da a\u00e7\u00e3o, alegando\u00a0que n\u00e3o participava da gest\u00e3o das finan\u00e7as da campanha.<\/p>\n<p style=\"text-align: justify;\">\u00a0Temer s\u00f3 apareceu em um \u00fanico programa no hor\u00e1rio gratuito e jamais era chamado para reuni\u00f5es do comando da campanha.<\/p>\n<p style=\"text-align: justify;\">Na tentativa de arrastar Temer para o pr\u00f3prio drama, o<strong> PT<\/strong> sustenta no <strong>TSE<\/strong> que a responsabilidade da campanha era \u201cconjunta\u201d.<\/p>\n<p>&nbsp;<\/p>\n<p>fonte: Di\u00e1rio do Poder<\/p>\n<p>&nbsp;<\/p>\n","protected":false},"excerpt":{"rendered":"<p>O PT pressiona Dilma a assumir a responsabilidade pelo \u201ccaixa 2\u201d de sua campanha, confirmada pelo marqueteiro Jo\u00e3o Santana e j\u00e1 negado por ela, no processo no Tribunal Superior Eleitoral (TSE). Assumindo, ela tentaria contaminar a chapa, isto \u00e9, o vice. Michel Temer j\u00e1 pediu ao TSE o desmembramento da a\u00e7\u00e3o, alegando\u00a0que n\u00e3o participava da [&hellip;]<\/p>\n","protected":false},"author":2,"featured_media":112979,"comment_status":"open","ping_status":"open","sticky":false,"template":"","format":"standard","meta":{"_monsterinsights_skip_tracking":false,"_monsterinsights_sitenote_active":false,"_monsterinsights_sitenote_note":"","_monsterinsights_sitenote_category":0},"categories":[6,12],"tags":[26996,24361,1096,26997,195,6269,2264,6587,154,533,4378],"aioseo_notices":[],"_links":{"self":[{"href":"https:\/\/mspontocom.com.br\/site\/wp-json\/wp\/v2\/posts\/112978"}],"collection":[{"href":"https:\/\/mspontocom.com.br\/site\/wp-json\/wp\/v2\/posts"}],"about":[{"href":"https:\/\/mspontocom.com.br\/site\/wp-json\/wp\/v2\/types\/post"}],"author":[{"embeddable":true,"href":"https:\/\/mspontocom.com.br\/site\/wp-json\/wp\/v2\/users\/2"}],"replies":[{"embeddable":true,"href":"https:\/\/mspontocom.com.br\/site\/wp-json\/wp\/v2\/comments?post=112978"}],"version-history":[{"count":0,"href":"https:\/\/mspontocom.com.br\/site\/wp-json\/wp\/v2\/posts\/112978\/revisions"}],"wp:featuredmedia":[{"embeddable":true,"href":"https:\/\/mspontocom.com.br\/site\/wp-json\/wp\/v2\/media\/112979"}],"wp:attachment":[{"href":"https:\/\/mspontocom.com.br\/site\/wp-json\/wp\/v2\/media?parent=112978"}],"wp:term":[{"taxonomy":"category","embeddable":true,"href":"https:\/\/mspontocom.com.br\/site\/wp-json\/wp\/v2\/categories?post=112978"},{"taxonomy":"post_tag","embeddable":true,"href":"https:\/\/mspontocom.com.br\/site\/wp-json\/wp\/v2\/tags?post=112978"}],"curies":[{"name":"wp","href":"https:\/\/api.w.org\/{rel}","templated":true}]}}