{"id":113030,"date":"2016-08-14T07:38:16","date_gmt":"2016-08-14T11:38:16","guid":{"rendered":"https:\/\/mspontocom.com.br\/site\/?p=113030"},"modified":"2016-08-14T07:41:07","modified_gmt":"2016-08-14T11:41:07","slug":"faixa-presidencial-e-um-itens-que-sumiram-do-planalto-diz-veja","status":"publish","type":"post","link":"https:\/\/mspontocom.com.br\/site\/faixa-presidencial-e-um-itens-que-sumiram-do-planalto-diz-veja\/","title":{"rendered":"Faixa presidencial \u00e9 um dos itens que sumiram do Planalto, diz &#8220;Veja&#8221;"},"content":{"rendered":"<p style=\"text-align: justify;\"><a href=\"https:\/\/mspontocom.com.br\/site\/wp-content\/uploads\/2016\/08\/faixa.jpg\"><img loading=\"lazy\" class=\"alignleft size-full wp-image-113031\" alt=\"faixa\" src=\"https:\/\/mspontocom.com.br\/site\/wp-content\/uploads\/2016\/08\/faixa.jpg\" width=\"620\" height=\"465\" srcset=\"https:\/\/mspontocom.com.br\/site\/wp-content\/uploads\/2016\/08\/faixa.jpg 620w, https:\/\/mspontocom.com.br\/site\/wp-content\/uploads\/2016\/08\/faixa-260x195.jpg 260w\" sizes=\"(max-width: 620px) 100vw, 620px\" \/><\/a>Se o <strong>impeachment<\/strong> de <strong>Dilma Rousseff<\/strong> for confirmado no fim de agosto, Michel Temer \u00a0ter\u00e1 dificuldades de colocar no peito a faixa presidencial.<\/p>\n<p style=\"text-align: justify;\">Auditoria est\u00e1 sendo realizada pelo Tribunal de Contas da Uni\u00e3o (TCU), segundo informa reportagem da <strong>revista\u00a0<i>Veja<\/i>,<\/strong> para encontrar o paradeiro da faixa, de valor inestim\u00e1vel, com detalhes em ouro e pedras preciosas.<\/p>\n<p style=\"text-align: justify;\">O <strong>TCU<\/strong> descobriu que 4?500 itens do patrim\u00f4nio da Presid\u00eancia da Rep\u00fablica est\u00e3o sumidos. Ningu\u00e9m sabe se foram surrupiados ou simplesmente extraviados. Entre os objetos est\u00e3o obras de arte, utens\u00edlios dom\u00e9sticos, pe\u00e7as de decora\u00e7\u00e3o, material de escrit\u00f3rio, computadores e a <strong>faixa presidencial.\u00a0<\/strong><\/p>\n<p style=\"text-align: justify;\">A novidade apareceu durante uma auditoria do TCU que tinha outra finalidade. Em mar\u00e7o passado, a <strong>Opera\u00e7\u00e3o Lava-Jato<\/strong> localizou um cofre numa ag\u00eancia banc\u00e1ria em S\u00e3o Paulo no qual o ex-presidente Lula guardava presentes recebidos durante os oito anos de Presid\u00eancia. A lei determina que os presentes trocados entre chefes de Estado sejam incorporados ao patrim\u00f4nio da Uni\u00e3o.<\/p>\n<p style=\"text-align: justify;\"><span style=\"line-height: 1.5em;\">Entre os objetos extraviados, h\u00e1 computadores, equipamentos de seguran\u00e7a, pe\u00e7as da cole\u00e7\u00e3o de prataria palaciana, tapetes persas, porcelana chinesa, pinturas de artistas brasileiros. Apenas no Pal\u00e1cio da Alvorada, a resid\u00eancia oficial da Presid\u00eancia, foi constatado o sumi\u00e7o de 391 objetos.<\/span><\/p>\n<p style=\"text-align: justify;\">fonte: Di\u00e1rio do Poder<\/p>\n<p style=\"text-align: justify;\">\n","protected":false},"excerpt":{"rendered":"<p>Se o impeachment de Dilma Rousseff for confirmado no fim de agosto, Michel Temer \u00a0ter\u00e1 dificuldades de colocar no peito a faixa presidencial. Auditoria est\u00e1 sendo realizada pelo Tribunal de Contas da Uni\u00e3o (TCU), segundo informa reportagem da revista\u00a0Veja, para encontrar o paradeiro da faixa, de valor inestim\u00e1vel, com detalhes em ouro e pedras preciosas. [&hellip;]<\/p>\n","protected":false},"author":2,"featured_media":113031,"comment_status":"open","ping_status":"open","sticky":false,"template":"","format":"standard","meta":{"_monsterinsights_skip_tracking":false,"_monsterinsights_sitenote_active":false,"_monsterinsights_sitenote_note":"","_monsterinsights_sitenote_category":0},"categories":[6,12],"tags":[30254,21825,27010,25431,6587,3258,154,7980,27011],"aioseo_notices":[],"_links":{"self":[{"href":"https:\/\/mspontocom.com.br\/site\/wp-json\/wp\/v2\/posts\/113030"}],"collection":[{"href":"https:\/\/mspontocom.com.br\/site\/wp-json\/wp\/v2\/posts"}],"about":[{"href":"https:\/\/mspontocom.com.br\/site\/wp-json\/wp\/v2\/types\/post"}],"author":[{"embeddable":true,"href":"https:\/\/mspontocom.com.br\/site\/wp-json\/wp\/v2\/users\/2"}],"replies":[{"embeddable":true,"href":"https:\/\/mspontocom.com.br\/site\/wp-json\/wp\/v2\/comments?post=113030"}],"version-history":[{"count":0,"href":"https:\/\/mspontocom.com.br\/site\/wp-json\/wp\/v2\/posts\/113030\/revisions"}],"wp:featuredmedia":[{"embeddable":true,"href":"https:\/\/mspontocom.com.br\/site\/wp-json\/wp\/v2\/media\/113031"}],"wp:attachment":[{"href":"https:\/\/mspontocom.com.br\/site\/wp-json\/wp\/v2\/media?parent=113030"}],"wp:term":[{"taxonomy":"category","embeddable":true,"href":"https:\/\/mspontocom.com.br\/site\/wp-json\/wp\/v2\/categories?post=113030"},{"taxonomy":"post_tag","embeddable":true,"href":"https:\/\/mspontocom.com.br\/site\/wp-json\/wp\/v2\/tags?post=113030"}],"curies":[{"name":"wp","href":"https:\/\/api.w.org\/{rel}","templated":true}]}}