{"id":113044,"date":"2016-08-15T07:24:11","date_gmt":"2016-08-15T11:24:11","guid":{"rendered":"https:\/\/mspontocom.com.br\/site\/?p=113044"},"modified":"2016-08-15T08:01:58","modified_gmt":"2016-08-15T12:01:58","slug":"planalto-aposta-62-votos-pelo-impeachment-de-dilma","status":"publish","type":"post","link":"https:\/\/mspontocom.com.br\/site\/planalto-aposta-62-votos-pelo-impeachment-de-dilma\/","title":{"rendered":"Planalto aposta em 62 votos pelo impeachment de Dilma"},"content":{"rendered":"<p style=\"text-align: justify;\"><a href=\"https:\/\/mspontocom.com.br\/site\/wp-content\/uploads\/2016\/08\/dilma-adeus.jpg\"><img loading=\"lazy\" class=\"alignleft size-full wp-image-113045\" alt=\"dilma-adeus\" src=\"https:\/\/mspontocom.com.br\/site\/wp-content\/uploads\/2016\/08\/dilma-adeus.jpg\" width=\"320\" height=\"207\" srcset=\"https:\/\/mspontocom.com.br\/site\/wp-content\/uploads\/2016\/08\/dilma-adeus.jpg 320w, https:\/\/mspontocom.com.br\/site\/wp-content\/uploads\/2016\/08\/dilma-adeus-260x168.jpg 260w\" sizes=\"(max-width: 320px) 100vw, 320px\" \/><\/a>Ministros do n\u00facleo do governo <strong>Temer<\/strong> contam com at\u00e9 62 votos no julgamento final do<strong> impeachment de Dilma<\/strong> <strong>Rousseff,<\/strong> no Senado.<\/p>\n<p style=\"text-align: justify;\">O placar da pron\u00fancia do afastamento, semana passada, j\u00e1 atingiu 59 votos.<\/p>\n<p style=\"text-align: justify;\">Eliseu Padilha (Casa Civil), que acertou os placares na C\u00e2mara e no Senado, \u00e9 um dos mais otimistas ministros: espera 61 votos. J\u00e1 no lado que apoia Dilma, n\u00e3o espera-se nem os 21 votos da pron\u00fancia.<\/p>\n<p style=\"text-align: justify;\">A informa\u00e7\u00e3o \u00e9 do colunista Cl\u00e1udio Humberto, do\u00a0<b>Di\u00e1rio do Poder<\/b>.<\/p>\n<p style=\"text-align: justify;\">\u00danico voto no <strong>PMDB<\/strong> considerado \u201cirrecuper\u00e1vel\u201d para governistas \u00e9 o da ex-ministra ruralista K\u00e1tia Abreu, neopetista que renega as origens.<\/p>\n<p style=\"text-align: justify;\">O senador <strong>Ronaldo Caiado<\/strong> (GO), l\u00edder do DEM no Senado, acredita que os votos pr\u00f3-impeachment chegar\u00e3o a 60 no julgamento final.<\/p>\n","protected":false},"excerpt":{"rendered":"<p>Ministros do n\u00facleo do governo Temer contam com at\u00e9 62 votos no julgamento final do impeachment de Dilma Rousseff, no Senado. O placar da pron\u00fancia do afastamento, semana passada, j\u00e1 atingiu 59 votos. Eliseu Padilha (Casa Civil), que acertou os placares na C\u00e2mara e no Senado, \u00e9 um dos mais otimistas ministros: espera 61 votos. [&hellip;]<\/p>\n","protected":false},"author":2,"featured_media":113045,"comment_status":"open","ping_status":"open","sticky":false,"template":"","format":"standard","meta":{"_monsterinsights_skip_tracking":false,"_monsterinsights_sitenote_active":false,"_monsterinsights_sitenote_note":"","_monsterinsights_sitenote_category":0},"categories":[6,12],"tags":[27016,955,30254,6984,1978,5441,3608,6587,981,2788,25502,15610,155],"aioseo_notices":[],"_links":{"self":[{"href":"https:\/\/mspontocom.com.br\/site\/wp-json\/wp\/v2\/posts\/113044"}],"collection":[{"href":"https:\/\/mspontocom.com.br\/site\/wp-json\/wp\/v2\/posts"}],"about":[{"href":"https:\/\/mspontocom.com.br\/site\/wp-json\/wp\/v2\/types\/post"}],"author":[{"embeddable":true,"href":"https:\/\/mspontocom.com.br\/site\/wp-json\/wp\/v2\/users\/2"}],"replies":[{"embeddable":true,"href":"https:\/\/mspontocom.com.br\/site\/wp-json\/wp\/v2\/comments?post=113044"}],"version-history":[{"count":0,"href":"https:\/\/mspontocom.com.br\/site\/wp-json\/wp\/v2\/posts\/113044\/revisions"}],"wp:featuredmedia":[{"embeddable":true,"href":"https:\/\/mspontocom.com.br\/site\/wp-json\/wp\/v2\/media\/113045"}],"wp:attachment":[{"href":"https:\/\/mspontocom.com.br\/site\/wp-json\/wp\/v2\/media?parent=113044"}],"wp:term":[{"taxonomy":"category","embeddable":true,"href":"https:\/\/mspontocom.com.br\/site\/wp-json\/wp\/v2\/categories?post=113044"},{"taxonomy":"post_tag","embeddable":true,"href":"https:\/\/mspontocom.com.br\/site\/wp-json\/wp\/v2\/tags?post=113044"}],"curies":[{"name":"wp","href":"https:\/\/api.w.org\/{rel}","templated":true}]}}