{"id":113099,"date":"2016-08-16T12:54:40","date_gmt":"2016-08-16T16:54:40","guid":{"rendered":"https:\/\/mspontocom.com.br\/site\/?p=113099"},"modified":"2016-08-16T10:58:56","modified_gmt":"2016-08-16T14:58:56","slug":"esqueceram-de-mim-diz-lula-sobre-abertura-das-olimpiadas-2","status":"publish","type":"post","link":"https:\/\/mspontocom.com.br\/site\/esqueceram-de-mim-diz-lula-sobre-abertura-das-olimpiadas-2\/","title":{"rendered":"&#8220;ESQUECERAM DE MIM&#8221;, diz Lula sobre abertura das Olimp\u00edadas"},"content":{"rendered":"<p style=\"text-align: justify;\"><a href=\"https:\/\/mspontocom.com.br\/site\/wp-content\/uploads\/2016\/08\/esqueceram1.jpg\"><img loading=\"lazy\" class=\"alignleft size-full wp-image-113100\" alt=\"esqueceram\" src=\"https:\/\/mspontocom.com.br\/site\/wp-content\/uploads\/2016\/08\/esqueceram1.jpg\" width=\"699\" height=\"420\" srcset=\"https:\/\/mspontocom.com.br\/site\/wp-content\/uploads\/2016\/08\/esqueceram1.jpg 699w, https:\/\/mspontocom.com.br\/site\/wp-content\/uploads\/2016\/08\/esqueceram1-260x156.jpg 260w\" sizes=\"(max-width: 699px) 100vw, 699px\" \/><\/a>O ex-presidente Luiz In\u00e1cio Lula da Silva disse na noite desta segunda-feira (15) que se sente como o personagem do\u00a0<b>filme \u201cEsqueceram de mim\u201d<\/b>\u00a0por n\u00e3o ter sido convidado para a cerim\u00f4nia de abertura da\u00a0<b>Olimp\u00edada do Rio de Janeiro<\/b>, no in\u00edcio deste m\u00eas.<\/p>\n<p style=\"text-align: justify;\">\n<p style=\"text-align: justify;\">&#8220;Confesso que fiquei de boca aberta de ver a qualidade, mas me senti como no filme &#8220;Esqueceram de mim&#8221;. Me dei conta de que n\u00e3o existiria Olimp\u00edada no Brasil se n\u00e3o fosse eu. Me dei conta que derrotamos Madri, que n\u00e3o \u00e9 pouca coisa, derrotamos T\u00f3quio e Obama e a mulher dele, que foram a Copenhague defender (a candidatura de Chicago)&#8221;, disse<b>\u00a0Lula.<\/b><\/p>\n<p style=\"text-align: justify;\"><b><\/b><\/p>\n<p style=\"text-align: justify;\">Lula falou durante encontro organizado pela CUT para celebrar os 10 anos da Lei Maria da Penha, em Santo Andr\u00e9, no ABC Paulista.<\/p>\n<p style=\"text-align: justify;\">\n<p style=\"text-align: justify;\">Diferentemente de Lula, a presidente afastada Dilma Rousseff foi convidada, mas preferiu n\u00e3o comparecer \u00e0 cerim\u00f4nia.<\/p>\n<p style=\"text-align: justify;\">\n<p style=\"text-align: justify;\">fonte: Di\u00e1rio do Poder<\/p>\n<p style=\"text-align: justify;\">\n","protected":false},"excerpt":{"rendered":"<p>O ex-presidente Luiz In\u00e1cio Lula da Silva disse na noite desta segunda-feira (15) que se sente como o personagem do\u00a0filme \u201cEsqueceram de mim\u201d\u00a0por n\u00e3o ter sido convidado para a cerim\u00f4nia de abertura da\u00a0Olimp\u00edada do Rio de Janeiro, no in\u00edcio deste m\u00eas. &#8220;Confesso que fiquei de boca aberta de ver a qualidade, mas me senti como [&hellip;]<\/p>\n","protected":false},"author":2,"featured_media":113100,"comment_status":"open","ping_status":"open","sticky":false,"template":"","format":"standard","meta":{"_monsterinsights_skip_tracking":false,"_monsterinsights_sitenote_active":false,"_monsterinsights_sitenote_note":"","_monsterinsights_sitenote_category":0},"categories":[6,12],"tags":[27031,158,1041,480,6587,2829,154,6165,27033],"aioseo_notices":[],"_links":{"self":[{"href":"https:\/\/mspontocom.com.br\/site\/wp-json\/wp\/v2\/posts\/113099"}],"collection":[{"href":"https:\/\/mspontocom.com.br\/site\/wp-json\/wp\/v2\/posts"}],"about":[{"href":"https:\/\/mspontocom.com.br\/site\/wp-json\/wp\/v2\/types\/post"}],"author":[{"embeddable":true,"href":"https:\/\/mspontocom.com.br\/site\/wp-json\/wp\/v2\/users\/2"}],"replies":[{"embeddable":true,"href":"https:\/\/mspontocom.com.br\/site\/wp-json\/wp\/v2\/comments?post=113099"}],"version-history":[{"count":0,"href":"https:\/\/mspontocom.com.br\/site\/wp-json\/wp\/v2\/posts\/113099\/revisions"}],"wp:featuredmedia":[{"embeddable":true,"href":"https:\/\/mspontocom.com.br\/site\/wp-json\/wp\/v2\/media\/113100"}],"wp:attachment":[{"href":"https:\/\/mspontocom.com.br\/site\/wp-json\/wp\/v2\/media?parent=113099"}],"wp:term":[{"taxonomy":"category","embeddable":true,"href":"https:\/\/mspontocom.com.br\/site\/wp-json\/wp\/v2\/categories?post=113099"},{"taxonomy":"post_tag","embeddable":true,"href":"https:\/\/mspontocom.com.br\/site\/wp-json\/wp\/v2\/tags?post=113099"}],"curies":[{"name":"wp","href":"https:\/\/api.w.org\/{rel}","templated":true}]}}