{"id":113120,"date":"2016-08-17T10:24:51","date_gmt":"2016-08-17T14:24:51","guid":{"rendered":"https:\/\/mspontocom.com.br\/site\/?p=113120"},"modified":"2016-08-17T07:20:12","modified_gmt":"2016-08-17T11:20:12","slug":"educacao-projeto-eu-sou-e-faco-show-abre-inscricoes-em-campo-grande","status":"publish","type":"post","link":"https:\/\/mspontocom.com.br\/site\/educacao-projeto-eu-sou-e-faco-show-abre-inscricoes-em-campo-grande\/","title":{"rendered":"Educa\u00e7\u00e3o: Projeto Eu Sou e Fa\u00e7o Show abre inscri\u00e7\u00f5es em Campo Grande"},"content":{"rendered":"<div id=\"attachment_113121\" style=\"width: 340px\" class=\"wp-caption alignleft\"><a href=\"https:\/\/mspontocom.com.br\/site\/wp-content\/uploads\/2016\/08\/show-arquivo-semed.jpeg\"><img aria-describedby=\"caption-attachment-113121\" loading=\"lazy\" class=\"size-full wp-image-113121\" alt=\"show arquivo semed\" src=\"https:\/\/mspontocom.com.br\/site\/wp-content\/uploads\/2016\/08\/show-arquivo-semed.jpeg\" width=\"330\" height=\"203\" srcset=\"https:\/\/mspontocom.com.br\/site\/wp-content\/uploads\/2016\/08\/show-arquivo-semed.jpeg 330w, https:\/\/mspontocom.com.br\/site\/wp-content\/uploads\/2016\/08\/show-arquivo-semed-260x159.jpeg 260w\" sizes=\"(max-width: 330px) 100vw, 330px\" \/><\/a><p id=\"caption-attachment-113121\" class=\"wp-caption-text\">arquivo pmcg<\/p><\/div>\n<p style=\"text-align: justify;\"><span style=\"line-height: 1.5em;\"> O projeto \u00e9 voltado para professores da Rede Municipal de Ensino.<\/span><\/p>\n<p style=\"text-align: justify;\"><strong>O projeto<\/strong><\/p>\n<p style=\"text-align: justify;\">O projeto visa reconhecer, divulgar e premiar o trabalho do professor das<strong> escolas<\/strong> municipais que contribuem para melhoria dos processos de ensino e aprendizagem desenvolvidos na sala de aula.<\/p>\n<p style=\"text-align: justify;\"><strong>Regulamento e Inscri\u00e7\u00e3o<\/strong><\/p>\n<p>Para conhecer o regulamento e efetuar a inscri\u00e7\u00e3o, o professor dever\u00e1 acessar o link<a href=\"https:\/\/moodle.semed.capital.ms.gov.br\/moodle\/course\/view.php?id=245\">https:\/\/moodle.semed.capital.ms.gov.br\/moodle\/course\/view.php?id=245<\/a><\/p>\n","protected":false},"excerpt":{"rendered":"<p>O projeto \u00e9 voltado para professores da Rede Municipal de Ensino. O projeto O projeto visa reconhecer, divulgar e premiar o trabalho do professor das escolas municipais que contribuem para melhoria dos processos de ensino e aprendizagem desenvolvidos na sala de aula. Regulamento e Inscri\u00e7\u00e3o Para conhecer o regulamento e efetuar a inscri\u00e7\u00e3o, o professor [&hellip;]<\/p>\n","protected":false},"author":2,"featured_media":113121,"comment_status":"open","ping_status":"open","sticky":false,"template":"","format":"standard","meta":{"_monsterinsights_skip_tracking":false,"_monsterinsights_sitenote_active":false,"_monsterinsights_sitenote_note":"","_monsterinsights_sitenote_category":0},"categories":[4328,76],"tags":[123,104,2197,27040,455,6587,2960,374,882],"aioseo_notices":[],"_links":{"self":[{"href":"https:\/\/mspontocom.com.br\/site\/wp-json\/wp\/v2\/posts\/113120"}],"collection":[{"href":"https:\/\/mspontocom.com.br\/site\/wp-json\/wp\/v2\/posts"}],"about":[{"href":"https:\/\/mspontocom.com.br\/site\/wp-json\/wp\/v2\/types\/post"}],"author":[{"embeddable":true,"href":"https:\/\/mspontocom.com.br\/site\/wp-json\/wp\/v2\/users\/2"}],"replies":[{"embeddable":true,"href":"https:\/\/mspontocom.com.br\/site\/wp-json\/wp\/v2\/comments?post=113120"}],"version-history":[{"count":0,"href":"https:\/\/mspontocom.com.br\/site\/wp-json\/wp\/v2\/posts\/113120\/revisions"}],"wp:featuredmedia":[{"embeddable":true,"href":"https:\/\/mspontocom.com.br\/site\/wp-json\/wp\/v2\/media\/113121"}],"wp:attachment":[{"href":"https:\/\/mspontocom.com.br\/site\/wp-json\/wp\/v2\/media?parent=113120"}],"wp:term":[{"taxonomy":"category","embeddable":true,"href":"https:\/\/mspontocom.com.br\/site\/wp-json\/wp\/v2\/categories?post=113120"},{"taxonomy":"post_tag","embeddable":true,"href":"https:\/\/mspontocom.com.br\/site\/wp-json\/wp\/v2\/tags?post=113120"}],"curies":[{"name":"wp","href":"https:\/\/api.w.org\/{rel}","templated":true}]}}