{"id":113130,"date":"2016-08-17T12:50:39","date_gmt":"2016-08-17T16:50:39","guid":{"rendered":"https:\/\/mspontocom.com.br\/site\/?p=113130"},"modified":"2016-08-17T09:21:49","modified_gmt":"2016-08-17T13:21:49","slug":"desconectada-da-realidade-diz-caiado-sobre-carta-de-dilma","status":"publish","type":"post","link":"https:\/\/mspontocom.com.br\/site\/desconectada-da-realidade-diz-caiado-sobre-carta-de-dilma\/","title":{"rendered":"&#8220;DESCONECTADA DA REALIDADE&#8221;, diz Caiado sobre carta de Dilma"},"content":{"rendered":"<div id=\"attachment_113131\" style=\"width: 655px\" class=\"wp-caption alignleft\"><a href=\"https:\/\/mspontocom.com.br\/site\/wp-content\/uploads\/2016\/08\/ronaldo_caiado.jpg\"><img aria-describedby=\"caption-attachment-113131\" loading=\"lazy\" class=\"size-full wp-image-113131\" alt=\"ronaldo_caiado\" src=\"https:\/\/mspontocom.com.br\/site\/wp-content\/uploads\/2016\/08\/ronaldo_caiado.jpg\" width=\"645\" height=\"388\" srcset=\"https:\/\/mspontocom.com.br\/site\/wp-content\/uploads\/2016\/08\/ronaldo_caiado.jpg 645w, https:\/\/mspontocom.com.br\/site\/wp-content\/uploads\/2016\/08\/ronaldo_caiado-260x156.jpg 260w\" sizes=\"(max-width: 645px) 100vw, 645px\" \/><\/a><p id=\"caption-attachment-113131\" class=\"wp-caption-text\">foto: noblat.oglobo.globo.com<\/p><\/div>\n<p style=\"text-align: justify;\">O l\u00edder do Democratas no Senado Federal <strong>Ronaldo Caiado<\/strong> (GO) criticou o tom usado pela presidente afastada Dilma Rousseff em carta aberta sobre o<strong> impeachment.\u00a0<\/strong><\/p>\n<p style=\"text-align: justify;\">Em entrevista coletiva no Senado, o senador afirmou que o texto n\u00e3o condiz com o sentimento da popula\u00e7\u00e3o e \u00e9 uma afronta aos poderes constitu\u00eddos que julgam o processo em que <strong>Dilma<\/strong> responde por crime de responsabilidade.<\/p>\n<p style=\"text-align: justify;\">&#8220;\u00c9 uma carta que demonstra que ela est\u00e1 completamente<strong> desconectada<\/strong> da realidade brasileira. Ela trata do momento de crise que o pa\u00eds enfrenta como se n\u00e3o fosse ela a respons\u00e1vel por tudo isso. \u00c9 tamb\u00e9m uma afronta ao Supremo Tribunal Federal, ao Tribunal de Contas da Uni\u00e3o e ao Congresso Nacional que est\u00e3o apenas exercendo suas fun\u00e7\u00f5es&#8221;, afirmou.<\/p>\n<p style=\"text-align: justify;\"><b style=\"line-height: 1.5em;\">Plebiscito<\/b><\/p>\n<p style=\"text-align: justify;\">Ronaldo Caiado considerou a proposta de <strong>plebiscito<\/strong> apresentada por Dilma Rousseff como uma manobra oportunista. &#8220;Quando milh\u00f5es de pessoas foram \u00e0s ruas e clamaram por uma rea\u00e7\u00e3o da presidente, ela se calou. Agora que \u00e9 fato consumado o seu afastamento definitivo, ela vem com essa fase de mascarar seus crimes tentando criar um factoide&#8221;, comentou.<\/p>\n<p style=\"text-align: justify;\">\n","protected":false},"excerpt":{"rendered":"<p>O l\u00edder do Democratas no Senado Federal Ronaldo Caiado (GO) criticou o tom usado pela presidente afastada Dilma Rousseff em carta aberta sobre o impeachment.\u00a0 Em entrevista coletiva no Senado, o senador afirmou que o texto n\u00e3o condiz com o sentimento da popula\u00e7\u00e3o e \u00e9 uma afronta aos poderes constitu\u00eddos que julgam o processo em [&hellip;]<\/p>\n","protected":false},"author":2,"featured_media":113131,"comment_status":"open","ping_status":"open","sticky":false,"template":"","format":"standard","meta":{"_monsterinsights_skip_tracking":false,"_monsterinsights_sitenote_active":false,"_monsterinsights_sitenote_note":"","_monsterinsights_sitenote_category":0},"categories":[6,12],"tags":[27042,30254,24285,1978,24287,5441,6587,154,15610],"aioseo_notices":[],"_links":{"self":[{"href":"https:\/\/mspontocom.com.br\/site\/wp-json\/wp\/v2\/posts\/113130"}],"collection":[{"href":"https:\/\/mspontocom.com.br\/site\/wp-json\/wp\/v2\/posts"}],"about":[{"href":"https:\/\/mspontocom.com.br\/site\/wp-json\/wp\/v2\/types\/post"}],"author":[{"embeddable":true,"href":"https:\/\/mspontocom.com.br\/site\/wp-json\/wp\/v2\/users\/2"}],"replies":[{"embeddable":true,"href":"https:\/\/mspontocom.com.br\/site\/wp-json\/wp\/v2\/comments?post=113130"}],"version-history":[{"count":0,"href":"https:\/\/mspontocom.com.br\/site\/wp-json\/wp\/v2\/posts\/113130\/revisions"}],"wp:featuredmedia":[{"embeddable":true,"href":"https:\/\/mspontocom.com.br\/site\/wp-json\/wp\/v2\/media\/113131"}],"wp:attachment":[{"href":"https:\/\/mspontocom.com.br\/site\/wp-json\/wp\/v2\/media?parent=113130"}],"wp:term":[{"taxonomy":"category","embeddable":true,"href":"https:\/\/mspontocom.com.br\/site\/wp-json\/wp\/v2\/categories?post=113130"},{"taxonomy":"post_tag","embeddable":true,"href":"https:\/\/mspontocom.com.br\/site\/wp-json\/wp\/v2\/tags?post=113130"}],"curies":[{"name":"wp","href":"https:\/\/api.w.org\/{rel}","templated":true}]}}