{"id":113168,"date":"2016-08-18T12:55:08","date_gmt":"2016-08-18T16:55:08","guid":{"rendered":"https:\/\/mspontocom.com.br\/site\/?p=113168"},"modified":"2016-08-18T10:08:23","modified_gmt":"2016-08-18T14:08:23","slug":"mec-busca-ideias-inovadoras-e-conta-com-a-participacao-popular","status":"publish","type":"post","link":"https:\/\/mspontocom.com.br\/site\/mec-busca-ideias-inovadoras-e-conta-com-a-participacao-popular\/","title":{"rendered":"MEC busca ideias inovadoras e conta com a participa\u00e7\u00e3o popular"},"content":{"rendered":"<p style=\"text-align: justify;\"><a href=\"https:\/\/mspontocom.com.br\/site\/wp-content\/uploads\/2016\/08\/mec.png\"><img loading=\"lazy\" class=\"alignleft size-full wp-image-113169\" alt=\"mec\" src=\"https:\/\/mspontocom.com.br\/site\/wp-content\/uploads\/2016\/08\/mec.png\" width=\"219\" height=\"300\" srcset=\"https:\/\/mspontocom.com.br\/site\/wp-content\/uploads\/2016\/08\/mec.png 219w, https:\/\/mspontocom.com.br\/site\/wp-content\/uploads\/2016\/08\/mec-204x280.png 204w\" sizes=\"(max-width: 219px) 100vw, 219px\" \/><\/a>Os desafios do Minist\u00e9rio da Educa\u00e7\u00e3o <strong>(MEC)<\/strong> j\u00e1 contam milhares de propostas e experi\u00eancias, bem como mais de 150 mil escolas p\u00fablicas e cursos cadastrados para o <strong>Desafio da Educa\u00e7\u00e3o e Desafio Zika Zero. <\/strong><\/p>\n<p style=\"text-align: justify;\">Os participantes podem propor solu\u00e7\u00f5es e compartilhando experi\u00eancias para impulsionar a educa\u00e7\u00e3o profissional e tecnol\u00f3gica no pa\u00eds e o combate ao\u00a0<em>Aedes aegypti<\/em>.<\/p>\n<p style=\"text-align: justify;\">Entre curtidas e coment\u00e1rios, j\u00e1 s\u00e3o mais de 250 mil intera\u00e7\u00f5es nos dois desafios.<\/p>\n<p style=\"text-align: justify;\"><strong>Quem pode participar<\/strong><\/p>\n<p style=\"text-align: justify;\">Qualquer pessoa \u00a0pode participar enviando suas propostas e experi\u00eancias \u00a0em ambos os temas e ao se cadastrarem, cada participante pode indicar um curso t\u00e9cnico ou de gradua\u00e7\u00e3o de universidade, instituto federal ou uma escola da rede p\u00fablica estadual ou municipal para representar.<\/p>\n<p style=\"text-align: justify;\">\u00a0Ao final, aquelas pessoas que se destacarem com maior pontua\u00e7\u00e3o e as que submeterem as melhores ideias receber\u00e3o premia\u00e7\u00f5es em dinheiro, assim como as escolas e cursos de maior pontua\u00e7\u00e3o.<\/p>\n<p style=\"text-align: justify;\"><strong>Etapas<\/strong><\/p>\n<p style=\"text-align: justify;\">O Desafio da Educa\u00e7\u00e3o Profissional e Tecnol\u00f3gica est\u00e1 dividido em tr\u00eas rodadas e j\u00e1 conta com mais de 2.800 propostas e experi\u00eancias.<\/p>\n<p style=\"text-align: justify;\">A primeira rodada, que vai at\u00e9 o dia 27 de setembro, est\u00e1 contemplando tr\u00eas temas:<\/p>\n<p style=\"text-align: justify;\">(1) a constru\u00e7\u00e3o de mecanismos de integra\u00e7\u00e3o entre o ensino m\u00e9dio e o ensino t\u00e9cnico e profissional,<\/p>\n<p style=\"text-align: justify;\">(2) o encorajamento ao acesso, perman\u00eancia e \u00eaxito de estudantes na educa\u00e7\u00e3o profissional e tecnol\u00f3gica para inclus\u00e3o s\u00f3cio produtiva<\/p>\n<p style=\"text-align: justify;\">\u00a0(3) aprimoramento da forma\u00e7\u00e3o de professores e gestores do ensino profissional e tecnol\u00f3gico.<\/p>\n<p style=\"text-align: justify;\">J\u00e1 para o Desafio EducA\u00e7\u00e3o #ZikaZero foram enviadas mais de 1.500 propostas e experi\u00eancias no combate ao mosquito\u00a0<em>Aedes aegypti<\/em>\u00a0e esse n\u00famero tem crescido ainda mais com o apoio de universidades, institutos federais e escolas p\u00fablicas de todo o Brasil.<\/p>\n<p style=\"text-align: justify;\"><strong>Como Participar<\/strong><\/p>\n<p style=\"text-align: justify;\">Informa\u00e7\u00f5es detalhadas sobre as premia\u00e7\u00f5es, como participar, acesso e download de aplicativos voc\u00ea encontra nos sites:<\/p>\n<p style=\"text-align: justify;\">Desafio da Educa\u00e7\u00e3o Profissional e Tecnol\u00f3gica:<a href=\"https:\/\/desafiodaeducacao.mec.gov.br\/\">https:\/\/desafiodaeducacao.mec.gov.br\/<\/a><\/p>\n<p style=\"text-align: justify;\">Desafio EducA\u00e7\u00e3o #ZikaZero:\u00a0<a href=\"https:\/\/desafiozikazero.mec.gov.br\/\">https:\/\/desafiozikazero.mec.gov.br<\/a><\/p>\n<p style=\"text-align: justify;\">\n","protected":false},"excerpt":{"rendered":"<p>Os desafios do Minist\u00e9rio da Educa\u00e7\u00e3o (MEC) j\u00e1 contam milhares de propostas e experi\u00eancias, bem como mais de 150 mil escolas p\u00fablicas e cursos cadastrados para o Desafio da Educa\u00e7\u00e3o e Desafio Zika Zero. Os participantes podem propor solu\u00e7\u00f5es e compartilhando experi\u00eancias para impulsionar a educa\u00e7\u00e3o profissional e tecnol\u00f3gica no pa\u00eds e o combate ao\u00a0Aedes [&hellip;]<\/p>\n","protected":false},"author":2,"featured_media":113169,"comment_status":"open","ping_status":"open","sticky":false,"template":"","format":"standard","meta":{"_monsterinsights_skip_tracking":false,"_monsterinsights_sitenote_active":false,"_monsterinsights_sitenote_note":"","_monsterinsights_sitenote_category":0},"categories":[76],"tags":[2381,24351,104,27058,840,1711,23353,6929,6528,8851,6587,23930,21910],"aioseo_notices":[],"_links":{"self":[{"href":"https:\/\/mspontocom.com.br\/site\/wp-json\/wp\/v2\/posts\/113168"}],"collection":[{"href":"https:\/\/mspontocom.com.br\/site\/wp-json\/wp\/v2\/posts"}],"about":[{"href":"https:\/\/mspontocom.com.br\/site\/wp-json\/wp\/v2\/types\/post"}],"author":[{"embeddable":true,"href":"https:\/\/mspontocom.com.br\/site\/wp-json\/wp\/v2\/users\/2"}],"replies":[{"embeddable":true,"href":"https:\/\/mspontocom.com.br\/site\/wp-json\/wp\/v2\/comments?post=113168"}],"version-history":[{"count":0,"href":"https:\/\/mspontocom.com.br\/site\/wp-json\/wp\/v2\/posts\/113168\/revisions"}],"wp:featuredmedia":[{"embeddable":true,"href":"https:\/\/mspontocom.com.br\/site\/wp-json\/wp\/v2\/media\/113169"}],"wp:attachment":[{"href":"https:\/\/mspontocom.com.br\/site\/wp-json\/wp\/v2\/media?parent=113168"}],"wp:term":[{"taxonomy":"category","embeddable":true,"href":"https:\/\/mspontocom.com.br\/site\/wp-json\/wp\/v2\/categories?post=113168"},{"taxonomy":"post_tag","embeddable":true,"href":"https:\/\/mspontocom.com.br\/site\/wp-json\/wp\/v2\/tags?post=113168"}],"curies":[{"name":"wp","href":"https:\/\/api.w.org\/{rel}","templated":true}]}}