{"id":113330,"date":"2016-08-24T07:59:04","date_gmt":"2016-08-24T11:59:04","guid":{"rendered":"https:\/\/mspontocom.com.br\/site\/?p=113330"},"modified":"2016-08-24T07:41:09","modified_gmt":"2016-08-24T11:41:09","slug":"inscricoes-abertas-para-seminario-interacao-das-tecnologias-sociais-em-c-grande","status":"publish","type":"post","link":"https:\/\/mspontocom.com.br\/site\/inscricoes-abertas-para-seminario-interacao-das-tecnologias-sociais-em-c-grande\/","title":{"rendered":"Inscri\u00e7\u00f5es abertas para Semin\u00e1rio \u201cIntera\u00e7\u00e3o das Tecnologias Sociais&#8221; em C.Grande"},"content":{"rendered":"<p style=\"text-align: justify;\"><a href=\"https:\/\/mspontocom.com.br\/site\/wp-content\/uploads\/2016\/08\/tecnologia-social.jpeg\"><img loading=\"lazy\" class=\"alignleft size-full wp-image-113331\" alt=\"tecnologia social\" src=\"https:\/\/mspontocom.com.br\/site\/wp-content\/uploads\/2016\/08\/tecnologia-social.jpeg\" width=\"330\" height=\"269\" srcset=\"https:\/\/mspontocom.com.br\/site\/wp-content\/uploads\/2016\/08\/tecnologia-social.jpeg 330w, https:\/\/mspontocom.com.br\/site\/wp-content\/uploads\/2016\/08\/tecnologia-social-260x211.jpeg 260w\" sizes=\"(max-width: 330px) 100vw, 330px\" \/><\/a>Est\u00e3o abertas as inscri\u00e7\u00f5es para o 1\u00ba Semin\u00e1rio \u201cIntera\u00e7\u00e3o das Tecnologias Sociais com Comunidades Escolares, Perpectivas de Desenvolvimento Local\u201d, a ser realizado no dia 29 de agosto na UCDB.<\/p>\n<p style=\"text-align: justify;\"><strong>Objetivos<\/strong><\/p>\n<p style=\"text-align: justify;\">O objetivo do evento \u00e9 promover a reflex\u00e3o sobre a integra\u00e7\u00e3o da comunidade escolar com a pr\u00e1tica da tecnologia social, consolidando a\u00e7\u00f5es de cidadania, cultura e meio ambiente.<\/p>\n<p style=\"text-align: justify;\">O evento \u00e9 aberto a <strong>universidades<\/strong>, <strong>secretarias municipais, profissionais da \u00e1rea da educa\u00e7\u00e3o, meio ambiente e da cultura e a comunidade em geral.<\/strong><\/p>\n<p style=\"text-align: justify;\"><strong>Inscri\u00e7\u00e3o<\/strong><\/p>\n<p>Para efetuar a inscri\u00e7\u00e3o, os interessados dever\u00e3o preencher formul\u00e1rio de inscri\u00e7\u00e3o, dispon\u00edvel para download no site da Semadur, e ser enviado no endere\u00e7o eletr\u00f4nico tecsocial2908@gmail.com e\/ou entregue pessoalmente entre os dias 16 e 26 de agosto na Divis\u00e3o de Fiscaliza\u00e7\u00e3o e Pol\u00edtica Sustent\u00e1vel e Educa\u00e7\u00e3o Ambiental, sala 308, 3\u00ba andar, localizada na rua C\u00e2ndido Mariano, n\u00ba 2.655, centro. O semin\u00e1rio ter\u00e1 certifica\u00e7\u00e3o com carga hor\u00e1ria de seis horas.<\/p>\n<p><strong>Programa\u00e7\u00e3o<\/strong><\/p>\n<p>7h30 \u2013 Abertura \u2013 Atividade cultural<br \/>\nApresenta\u00e7\u00e3o musical: m\u00fasicos Lenilde Ramos e Paulo G\u00f3es<\/p>\n<p style=\"text-align: justify;\">8h &#8211; Palestra: \u201cO encontro cidad\u00e3o da tecnologia social com as comunidades escolares: um percurso po\u00e9tico, pol\u00edtico, pedag\u00f3gico \u2013 professor dr. Paulo Roberto Padilha (Instituto Paulo Freire\/SP).<\/p>\n<p style=\"text-align: justify;\">9h30 \u2013 Palestra: \u201cA pr\u00e1tica das tecnologias sociais como estrat\u00e9gia de aprendizagem coletiva e transforma\u00e7\u00e3o social\u201d \u2013 Jo\u00e3o Bezerra Rodrigues J\u00fanior \u2013 Funda\u00e7\u00e3o Banco do Brasil \u2013 Distrito Federal \u2013 ger\u00eancia de Parcerias estrat\u00e9gicas \u2013 Programas e projetos<\/p>\n<p style=\"text-align: justify;\">11h \u2013 Apresenta\u00e7\u00e3o de v\u00eddeo sobre o percurso exitoso da Escola Municipal Prof. Fauze Scaff Gattas Filho \u2013 Pr\u00eamio Finep 2010 em Tecnologia Social\u2013 1\u00ba Lugar Regi\u00e3o Centro Oeste.<\/p>\n<p style=\"text-align: justify;\">12h \u2013 Encerramento<\/p>\n","protected":false},"excerpt":{"rendered":"<p>Est\u00e3o abertas as inscri\u00e7\u00f5es para o 1\u00ba Semin\u00e1rio \u201cIntera\u00e7\u00e3o das Tecnologias Sociais com Comunidades Escolares, Perpectivas de Desenvolvimento Local\u201d, a ser realizado no dia 29 de agosto na UCDB. Objetivos O objetivo do evento \u00e9 promover a reflex\u00e3o sobre a integra\u00e7\u00e3o da comunidade escolar com a pr\u00e1tica da tecnologia social, consolidando a\u00e7\u00f5es de cidadania, cultura [&hellip;]<\/p>\n","protected":false},"author":2,"featured_media":113331,"comment_status":"open","ping_status":"open","sticky":false,"template":"","format":"standard","meta":{"_monsterinsights_skip_tracking":false,"_monsterinsights_sitenote_active":false,"_monsterinsights_sitenote_note":"","_monsterinsights_sitenote_category":0},"categories":[4328,76,70],"tags":[27115,22048,123,455,6587,906,466,362],"aioseo_notices":[],"_links":{"self":[{"href":"https:\/\/mspontocom.com.br\/site\/wp-json\/wp\/v2\/posts\/113330"}],"collection":[{"href":"https:\/\/mspontocom.com.br\/site\/wp-json\/wp\/v2\/posts"}],"about":[{"href":"https:\/\/mspontocom.com.br\/site\/wp-json\/wp\/v2\/types\/post"}],"author":[{"embeddable":true,"href":"https:\/\/mspontocom.com.br\/site\/wp-json\/wp\/v2\/users\/2"}],"replies":[{"embeddable":true,"href":"https:\/\/mspontocom.com.br\/site\/wp-json\/wp\/v2\/comments?post=113330"}],"version-history":[{"count":0,"href":"https:\/\/mspontocom.com.br\/site\/wp-json\/wp\/v2\/posts\/113330\/revisions"}],"wp:featuredmedia":[{"embeddable":true,"href":"https:\/\/mspontocom.com.br\/site\/wp-json\/wp\/v2\/media\/113331"}],"wp:attachment":[{"href":"https:\/\/mspontocom.com.br\/site\/wp-json\/wp\/v2\/media?parent=113330"}],"wp:term":[{"taxonomy":"category","embeddable":true,"href":"https:\/\/mspontocom.com.br\/site\/wp-json\/wp\/v2\/categories?post=113330"},{"taxonomy":"post_tag","embeddable":true,"href":"https:\/\/mspontocom.com.br\/site\/wp-json\/wp\/v2\/tags?post=113330"}],"curies":[{"name":"wp","href":"https:\/\/api.w.org\/{rel}","templated":true}]}}