{"id":113376,"date":"2016-08-25T11:00:56","date_gmt":"2016-08-25T15:00:56","guid":{"rendered":"https:\/\/mspontocom.com.br\/site\/?p=113376"},"modified":"2016-08-25T08:47:13","modified_gmt":"2016-08-25T12:47:13","slug":"uems-abre-selecao-para-professores-em-oito-municipios","status":"publish","type":"post","link":"https:\/\/mspontocom.com.br\/site\/uems-abre-selecao-para-professores-em-oito-municipios\/","title":{"rendered":"UEMS abre sele\u00e7\u00e3o para professores em oito munic\u00edpios"},"content":{"rendered":"<p style=\"text-align: justify;\"><a href=\"https:\/\/mspontocom.com.br\/site\/wp-content\/uploads\/2016\/08\/uems.jpg\"><img loading=\"lazy\" class=\"alignleft size-full wp-image-113377\" alt=\"uems\" src=\"https:\/\/mspontocom.com.br\/site\/wp-content\/uploads\/2016\/08\/uems.jpg\" width=\"300\" height=\"225\" srcset=\"https:\/\/mspontocom.com.br\/site\/wp-content\/uploads\/2016\/08\/uems.jpg 300w, https:\/\/mspontocom.com.br\/site\/wp-content\/uploads\/2016\/08\/uems-260x195.jpg 260w\" sizes=\"(max-width: 300px) 100vw, 300px\" \/><\/a>A Universidade Estadual de Mato Grosso do Sul <strong>(UEMS)<\/strong> abre inscri\u00e7\u00f5es para sele\u00e7\u00e3o de docentes para <strong>aulas tempor\u00e1rias<\/strong> nas Unidades Universit\u00e1rias de Gl\u00f3ria de Dourados, Aquidauana, Jardim, Ivinhema, Mundo Novo, Amambai e Navira\u00ed.<\/p>\n<p style=\"text-align: justify;\">Os interessados podem efetuar a inscri\u00e7\u00e3o de 23 de agosto a 2 de setembro.<\/p>\n<p style=\"text-align: justify;\">O valor da hora aula varia conforme o n\u00edvel de forma\u00e7\u00e3o do docente: Auxiliar Graduado \u2013 R$ 13,87; Auxiliar Especialista \u2013 R$24,97; Assistente (Mestre) R$ 35,92; Adjunto (Doutor) R$ 50,62.<\/p>\n<p style=\"text-align: justify;\"><strong>Gl\u00f3ria de Dourados<\/strong><\/p>\n<p style=\"text-align: justify;\">Para a Unidade de Gl\u00f3ria de Dourados ser\u00e3o selecionados candidatos em oito \u00e1reas do conhecimento: Agroecologia, Agronomia, Biologia, Desenvolvimento e Socioeconomia, Metodologia Cient\u00edfica, Produ\u00e7\u00e3o Animal, Produ\u00e7\u00e3o Industrial e Qu\u00edmica.<\/p>\n<p style=\"text-align: justify;\"><span style=\"line-height: 1.5em;\">Para saber mais acesse:\u00a0<\/span><a style=\"line-height: 1.5em;\" href=\"https:\/\/bit.ly\/2bzBGzJ\">https:\/\/bit.ly\/2bzBGzJ<\/a><\/p>\n<p style=\"text-align: justify;\"><strong>Aquidauana<\/strong><\/p>\n<p style=\"text-align: justify;\">As vagas para a unidade deAquidauana s\u00e3o para as\u00a0\u00e1reas de Biologia, Engenharia Florestal e Zootecnia: An\u00e1tomo-Fisiologia da Reprodu\u00e7\u00e3o Animal.<\/p>\n<p style=\"text-align: justify;\">Para saber mais acesse:\u00a0<a href=\"https:\/\/bit.ly\/2bECG7J\">https:\/\/bit.ly\/2bECG7J<\/a><\/p>\n<p style=\"text-align: justify;\"><strong>Jardim<\/strong><\/p>\n<p style=\"text-align: justify;\">Na UEMS de Jardim est\u00e3o abertas vagas para as \u00e1reas de Geografia F\u00edsica, de Letras, de Letras \u2013 Estudos Liter\u00e1rios e de L\u00edngua Brasileira de Sinais (Libras).<\/p>\n<p style=\"text-align: justify;\"><span style=\"line-height: 1.5em;\">Saiba mais:\u00a0<\/span><a style=\"line-height: 1.5em;\" href=\"https:\/\/bit.ly\/2bBpXVy\">https:\/\/bit.ly\/2bBpXVy<\/a><\/p>\n<p style=\"text-align: justify;\"><strong>Ivinhema<\/strong><\/p>\n<p style=\"text-align: justify;\">As vagas tempor\u00e1rias para a Unidade de Ivinhema da UEMS s\u00e3o para as \u00e1reas de Biologia, F\u00edsica e Qu\u00edmica.<\/p>\n<p style=\"text-align: justify;\"><span style=\"line-height: 1.5em;\">Saiba mais:\u00a0<\/span><a style=\"line-height: 1.5em;\" href=\"https:\/\/bit.ly\/2bOMAn3\">https:\/\/bit.ly\/2bOMAn3<\/a><\/p>\n<p style=\"text-align: justify;\"><strong>Navira\u00ed<\/strong><\/p>\n<p style=\"text-align: justify;\">O processo seletivo \u00e9 para as \u00e1reas de Engenharia de Alimentos, Matem\u00e1tica e F\u00edsica.<\/p>\n<p style=\"text-align: justify;\"><span style=\"line-height: 1.5em;\">Saiba mais:\u00a0<\/span><a style=\"line-height: 1.5em;\" href=\"https:\/\/bit.ly\/2bg7NGW\">https:\/\/bit.ly\/2bg7NGW<\/a><\/p>\n<p style=\"text-align: justify;\"><strong>Maracaju<\/strong><\/p>\n<p style=\"text-align: justify;\">Na unidade da UEMS de Jardim a sele\u00e7\u00e3o ser\u00e1 para docente da \u00e1rea de Administra\u00e7\u00e3o, com gradua\u00e7\u00e3o em Administra\u00e7\u00e3o e p\u00f3s-gradua\u00e7\u00e3o em qualquer \u00e1rea do conhecimento.<\/p>\n<p style=\"text-align: justify;\"><span style=\"line-height: 1.5em;\">Saiba mais:\u00a0<\/span><a style=\"line-height: 1.5em;\" href=\"https:\/\/bit.ly\/2bmMaTZ\">https:\/\/bit.ly\/2bmMaTZ<\/a><\/p>\n<p style=\"text-align: justify;\"><strong>Amambai<\/strong><\/p>\n<p style=\"text-align: justify;\">Na unidade de Amambai, as vagas s\u00e3o para as \u00e1reas de Ci\u00eancias Sociais\/Antropologia, Ci\u00eancias Sociais\/Pol\u00edtica, Ci\u00eancias Sociais\/Sociologia, Economia Pol\u00edtica, Est\u00e1gio Curricular Supervisionado em Ci\u00eancias Sociais, Filosofia, Hist\u00f3ria e Pedagogia.<span style=\"line-height: 1.5em;\">.<\/span><\/p>\n<p style=\"text-align: justify;\">Saiba mais:\u00a0<a href=\"https:\/\/bit.ly\/2bvLptG\">https:\/\/bit.ly\/2bvLptG<\/a><\/p>\n<p style=\"text-align: justify;\"><strong>Mundo Novo<\/strong><\/p>\n<p style=\"text-align: justify;\">O processo seletivo \u00e9 para as \u00e1reas de Ci\u00eancias Biol\u00f3gicas e Gest\u00e3o Ambiental.<\/p>\n<p style=\"text-align: justify;\"><span style=\"line-height: 1.5em;\">Saiba mais:\u00a0<\/span><a style=\"line-height: 1.5em;\" href=\"https:\/\/bit.ly\/2bmLZIh\">https:\/\/bit.ly\/2bmLZIh<\/a><\/p>\n<p style=\"text-align: justify;\">\n<p style=\"text-align: justify;\">\n<p style=\"text-align: justify;\"><em>fonte: UEMS<\/em><\/p>\n<p style=\"text-align: justify;\">\n","protected":false},"excerpt":{"rendered":"<p>A Universidade Estadual de Mato Grosso do Sul (UEMS) abre inscri\u00e7\u00f5es para sele\u00e7\u00e3o de docentes para aulas tempor\u00e1rias nas Unidades Universit\u00e1rias de Gl\u00f3ria de Dourados, Aquidauana, Jardim, Ivinhema, Mundo Novo, Amambai e Navira\u00ed. Os interessados podem efetuar a inscri\u00e7\u00e3o de 23 de agosto a 2 de setembro. O valor da hora aula varia conforme o [&hellip;]<\/p>\n","protected":false},"author":2,"featured_media":113377,"comment_status":"open","ping_status":"open","sticky":false,"template":"","format":"standard","meta":{"_monsterinsights_skip_tracking":false,"_monsterinsights_sitenote_active":false,"_monsterinsights_sitenote_note":"","_monsterinsights_sitenote_category":0},"categories":[76,4327],"tags":[23419,104,6587,485,25479,2960,3074,1706,432],"aioseo_notices":[],"_links":{"self":[{"href":"https:\/\/mspontocom.com.br\/site\/wp-json\/wp\/v2\/posts\/113376"}],"collection":[{"href":"https:\/\/mspontocom.com.br\/site\/wp-json\/wp\/v2\/posts"}],"about":[{"href":"https:\/\/mspontocom.com.br\/site\/wp-json\/wp\/v2\/types\/post"}],"author":[{"embeddable":true,"href":"https:\/\/mspontocom.com.br\/site\/wp-json\/wp\/v2\/users\/2"}],"replies":[{"embeddable":true,"href":"https:\/\/mspontocom.com.br\/site\/wp-json\/wp\/v2\/comments?post=113376"}],"version-history":[{"count":0,"href":"https:\/\/mspontocom.com.br\/site\/wp-json\/wp\/v2\/posts\/113376\/revisions"}],"wp:featuredmedia":[{"embeddable":true,"href":"https:\/\/mspontocom.com.br\/site\/wp-json\/wp\/v2\/media\/113377"}],"wp:attachment":[{"href":"https:\/\/mspontocom.com.br\/site\/wp-json\/wp\/v2\/media?parent=113376"}],"wp:term":[{"taxonomy":"category","embeddable":true,"href":"https:\/\/mspontocom.com.br\/site\/wp-json\/wp\/v2\/categories?post=113376"},{"taxonomy":"post_tag","embeddable":true,"href":"https:\/\/mspontocom.com.br\/site\/wp-json\/wp\/v2\/tags?post=113376"}],"curies":[{"name":"wp","href":"https:\/\/api.w.org\/{rel}","templated":true}]}}