{"id":113534,"date":"2016-08-31T09:27:09","date_gmt":"2016-08-31T13:27:09","guid":{"rendered":"https:\/\/mspontocom.com.br\/site\/?p=113534"},"modified":"2016-08-31T08:26:28","modified_gmt":"2016-08-31T12:26:28","slug":"ms-inscricoes-para-o-concurso-agrinho-2016-terminam-hoje","status":"publish","type":"post","link":"https:\/\/mspontocom.com.br\/site\/ms-inscricoes-para-o-concurso-agrinho-2016-terminam-hoje\/","title":{"rendered":"MS: Inscri\u00e7\u00f5es para o Concurso Agrinho 2016 terminam hoje"},"content":{"rendered":"<p style=\"text-align: justify;\"><a href=\"https:\/\/mspontocom.com.br\/site\/wp-content\/uploads\/2016\/08\/agrinho.png\"><img loading=\"lazy\" class=\"alignleft size-full wp-image-113535\" alt=\"agrinho\" src=\"https:\/\/mspontocom.com.br\/site\/wp-content\/uploads\/2016\/08\/agrinho.png\" width=\"960\" height=\"720\" srcset=\"https:\/\/mspontocom.com.br\/site\/wp-content\/uploads\/2016\/08\/agrinho.png 960w, https:\/\/mspontocom.com.br\/site\/wp-content\/uploads\/2016\/08\/agrinho-260x195.png 260w\" sizes=\"(max-width: 960px) 100vw, 960px\" \/><\/a>As escolas e os educadores da rede municipal e estadual de Mato Grosso do Sul, que participam do <strong>programa Agrinho,<\/strong> t\u00eam at\u00e9 hoje, 31 de agosto, para inscrever os trabalhos no <strong>Concurso Agrinho 2016<\/strong>.<\/p>\n<p style=\"text-align: justify;\">O prazo \u00e9 para fazer o cadastro de participa\u00e7\u00e3o no site<a href=\"https:\/\/famasul12.comunicacaodemkt.com\/registra_clique.php?id=H%7C26601965%7C255614%7C14489&amp;url=http%3A%2F%2Fwww.agrinhoms.com.br\" target=\"_blank\" data-saferedirecturl=\"https:\/\/www.google.com\/url?hl=pt-BR&amp;q=https:\/\/famasul12.comunicacaodemkt.com\/registra_clique.php?id%3DH%257C26601965%257C255614%257C14489%26url%3Dhttp%253A%252F%252Fwww.agrinhoms.com.br&amp;source=gmail&amp;ust=1472730354563000&amp;usg=AFQjCNGxGvXbD9y-Z-NVYpwJnGqU3qoMyQ\">www.agrinhoms.com.br<\/a>.<\/p>\n<p style=\"text-align: justify;\"><strong>Importante<\/strong><\/p>\n<p style=\"text-align: justify;\">\n<p style=\"text-align: justify;\">O envio do material para o Senar\/MS \u00a0poder\u00e1 ser feito at\u00e9 o dia 30 de setembro, conforme publicado em regulamento. Sendo assim, os concorrentes ter\u00e3o ainda alguns dias para produzir conte\u00fado que estar\u00e1 entre as melhores ideias desta edi\u00e7\u00e3o.<\/p>\n<p style=\"text-align: justify;\"><strong>Regulamento<\/strong><\/p>\n<p style=\"text-align: justify;\">No novo regulamento, os concorrentes poder\u00e3o apresentar textos &#8211; em diferentes g\u00eaneros, desenhos e relatar novas experi\u00eancias pedag\u00f3gicas, a\u00e7\u00f5es efetivas realizadas dentro e fora da sala de aula.<\/p>\n<p style=\"text-align: justify;\">Outra mudan\u00e7a \u00e9 a inclus\u00e3o de g\u00eaneros textuais como poesia, hist\u00f3ria em quadrinhos, di\u00e1rio pessoal, carta, artigo, conto, cr\u00f4nica ou lenda.<\/p>\n<p style=\"text-align: justify;\"><strong>O Programa<\/strong><\/p>\n<p style=\"text-align: justify;\">O programa de responsabilidade do Senar\/MS contempla 40 munic\u00edpios do Estado com a\u00e7\u00f5es em 348 escolas estaduais e municipais, somando 120 mil alunos do 1\u00ba ao 9\u00ba ano.<\/p>\n<p style=\"text-align: justify;\"><strong>Inscri\u00e7\u00f5es<\/strong><\/p>\n<p style=\"text-align: justify;\">\u00a0Confira o regulamento completo no\u00a0<a href=\"https:\/\/famasul12.comunicacaodemkt.com\/registra_clique.php?id=H%7C26601966%7C255614%7C14489&amp;url=http%3A%2F%2Fwww.agrinho%2F\" target=\"_blank\" data-saferedirecturl=\"https:\/\/www.google.com\/url?hl=pt-BR&amp;q=https:\/\/famasul12.comunicacaodemkt.com\/registra_clique.php?id%3DH%257C26601966%257C255614%257C14489%26url%3Dhttp%253A%252F%252Fwww.agrinho%252F&amp;source=gmail&amp;ust=1472730354563000&amp;usg=AFQjCNEDKENbdP0XEinb3juvogNAchjPoQ\">www.agrinho<\/a><a href=\"https:\/\/famasul12.comunicacaodemkt.com\/registra_clique.php?id=H%7C26601967%7C255614%7C14489&amp;url=http%3A%2F%2Fms.org.br%2F\" target=\"_blank\" data-saferedirecturl=\"https:\/\/www.google.com\/url?hl=pt-BR&amp;q=https:\/\/famasul12.comunicacaodemkt.com\/registra_clique.php?id%3DH%257C26601967%257C255614%257C14489%26url%3Dhttp%253A%252F%252Fms.org.br%252F&amp;source=gmail&amp;ust=1472730354563000&amp;usg=AFQjCNFnirtXPs7z1ZnU_PXom1TvenrHbw\">ms.org.br<\/a><\/p>\n<p style=\"text-align: justify;\">\n","protected":false},"excerpt":{"rendered":"<p>As escolas e os educadores da rede municipal e estadual de Mato Grosso do Sul, que participam do programa Agrinho, t\u00eam at\u00e9 hoje, 31 de agosto, para inscrever os trabalhos no Concurso Agrinho 2016. O prazo \u00e9 para fazer o cadastro de participa\u00e7\u00e3o no sitewww.agrinhoms.com.br. Importante O envio do material para o Senar\/MS \u00a0poder\u00e1 ser [&hellip;]<\/p>\n","protected":false},"author":2,"featured_media":113535,"comment_status":"open","ping_status":"open","sticky":false,"template":"","format":"standard","meta":{"_monsterinsights_skip_tracking":false,"_monsterinsights_sitenote_active":false,"_monsterinsights_sitenote_note":"","_monsterinsights_sitenote_category":0},"categories":[9,76,74,14],"tags":[25643,124,18471,104,1118,455,81,6587,1859,458],"aioseo_notices":[],"_links":{"self":[{"href":"https:\/\/mspontocom.com.br\/site\/wp-json\/wp\/v2\/posts\/113534"}],"collection":[{"href":"https:\/\/mspontocom.com.br\/site\/wp-json\/wp\/v2\/posts"}],"about":[{"href":"https:\/\/mspontocom.com.br\/site\/wp-json\/wp\/v2\/types\/post"}],"author":[{"embeddable":true,"href":"https:\/\/mspontocom.com.br\/site\/wp-json\/wp\/v2\/users\/2"}],"replies":[{"embeddable":true,"href":"https:\/\/mspontocom.com.br\/site\/wp-json\/wp\/v2\/comments?post=113534"}],"version-history":[{"count":0,"href":"https:\/\/mspontocom.com.br\/site\/wp-json\/wp\/v2\/posts\/113534\/revisions"}],"wp:featuredmedia":[{"embeddable":true,"href":"https:\/\/mspontocom.com.br\/site\/wp-json\/wp\/v2\/media\/113535"}],"wp:attachment":[{"href":"https:\/\/mspontocom.com.br\/site\/wp-json\/wp\/v2\/media?parent=113534"}],"wp:term":[{"taxonomy":"category","embeddable":true,"href":"https:\/\/mspontocom.com.br\/site\/wp-json\/wp\/v2\/categories?post=113534"},{"taxonomy":"post_tag","embeddable":true,"href":"https:\/\/mspontocom.com.br\/site\/wp-json\/wp\/v2\/tags?post=113534"}],"curies":[{"name":"wp","href":"https:\/\/api.w.org\/{rel}","templated":true}]}}