{"id":113614,"date":"2016-09-02T07:27:09","date_gmt":"2016-09-02T11:27:09","guid":{"rendered":"https:\/\/mspontocom.com.br\/site\/?p=113614"},"modified":"2016-09-02T07:27:09","modified_gmt":"2016-09-02T11:27:09","slug":"stf-comeca-julgar-a-volta-da-lentidao-da-justica-corruptos-serao-beneficiados","status":"publish","type":"post","link":"https:\/\/mspontocom.com.br\/site\/stf-comeca-julgar-a-volta-da-lentidao-da-justica-corruptos-serao-beneficiados\/","title":{"rendered":"STF come\u00e7a julgar a volta da lentid\u00e3o da Justi\u00e7a. Corruptos ser\u00e3o beneficiados"},"content":{"rendered":"<p style=\"text-align: justify;\"><a href=\"https:\/\/mspontocom.com.br\/site\/wp-content\/uploads\/2016\/09\/justi\u00e7a-cega1-.jpg\"><img loading=\"lazy\" class=\"alignleft size-full wp-image-113615\" alt=\"justi\u00e7a-cega1-\" src=\"https:\/\/mspontocom.com.br\/site\/wp-content\/uploads\/2016\/09\/justi\u00e7a-cega1-.jpg\" width=\"500\" height=\"300\" srcset=\"https:\/\/mspontocom.com.br\/site\/wp-content\/uploads\/2016\/09\/justi\u00e7a-cega1-.jpg 500w, https:\/\/mspontocom.com.br\/site\/wp-content\/uploads\/2016\/09\/justi\u00e7a-cega1--260x156.jpg 260w\" sizes=\"(max-width: 500px) 100vw, 500px\" \/><\/a>O ministro <strong>Marco Aur\u00e9lio Mello,<\/strong> do Supremo Tribunal Federal\u00a0<strong>(STF)<\/strong>, votou nesta quinta-feira (1\u00ba) em favor da liberta\u00e7\u00e3o de todas as pessoas presas ap\u00f3s uma decis\u00e3o de segunda inst\u00e2ncia e que ainda tenham recursos pendentes de decis\u00e3o em tribunais superiores.<\/p>\n<p style=\"text-align: justify;\"><strong>Decis\u00e3o favorece corruptos<\/strong><\/p>\n<p>Na tarde desta quinta, o STF come\u00e7ou a julgar duas a\u00e7\u00f5es que pedem a confirma\u00e7\u00e3o de artigo do C\u00f3digo Penal que afirma que ningu\u00e9m pode ser preso, a n\u00e3o ser nas hip\u00f3teses de pris\u00e3o em flagrante e preventiva,<strong> at\u00e9 que se esgotem as possibilidades de recurso de um processo, o chamado tr\u00e2nsito em julgado.<\/strong><\/p>\n<p style=\"text-align: justify;\"><strong>Janot e a Lava Jato<\/strong><\/p>\n<p style=\"text-align: justify;\"><span style=\"line-height: 1.5em;\">Questionado se uma eventual altera\u00e7\u00e3o no entendimento do STF sobre o assunto poderia prejudicar as investiga\u00e7\u00f5es da Opera\u00e7\u00e3o Lava Jato, o<\/span><span style=\"line-height: 1.5em;\">\u00a0procurador-geral da Rep\u00fablica, Rodrigo Janot, <\/span><span style=\"line-height: 1.5em;\">respondeu que <\/span><strong style=\"line-height: 1.5em;\">\u201cisso influenciar\u00e1 com certeza em v\u00e1rios processos de colabora\u00e7\u00e3o premiada em curso, ou que vir\u00e3o, em todas as investiga\u00e7\u00f5es do Minist\u00e9rio P\u00fablico, seja Federal, seja dos estados\u201d.<\/strong><\/p>\n<p style=\"text-align: justify;\"><strong>Fale com o STF<\/strong><\/p>\n<p style=\"text-align: justify;\">\n<p style=\"text-align: justify;\">Para acessar o formul\u00e1rio de Atendimento,\u00a0<a href=\"https:\/\/www.stf.jus.br\/portal\/cms\/verTexto.asp?servico=centralDoCidadaoAcessoInformacao&amp;pagina=sobreCentralCidadao\">clique aqui<\/a>.<\/p>\n<p style=\"text-align: justify;\">Twitter:\u00a0https:\/\/twitter.com\/stf_oficial<\/p>\n<p style=\"text-align: justify;\">Cartas: Pra\u00e7a dos Tr\u00eas Poderes &#8211; Supremo Tribunal Federal \u2013 Central do Cidad\u00e3o \u2013 Anexo II-A \u2013 T\u00e9rreo \u2013 Bras\u00edlia\/DF<br \/>\nCEP: 70.175-900<\/p>\n","protected":false},"excerpt":{"rendered":"<p>O ministro Marco Aur\u00e9lio Mello, do Supremo Tribunal Federal\u00a0(STF), votou nesta quinta-feira (1\u00ba) em favor da liberta\u00e7\u00e3o de todas as pessoas presas ap\u00f3s uma decis\u00e3o de segunda inst\u00e2ncia e que ainda tenham recursos pendentes de decis\u00e3o em tribunais superiores. Decis\u00e3o favorece corruptos Na tarde desta quinta, o STF come\u00e7ou a julgar duas a\u00e7\u00f5es que pedem [&hellip;]<\/p>\n","protected":false},"author":2,"featured_media":113615,"comment_status":"open","ping_status":"open","sticky":false,"template":"","format":"standard","meta":{"_monsterinsights_skip_tracking":false,"_monsterinsights_sitenote_active":false,"_monsterinsights_sitenote_note":"","_monsterinsights_sitenote_category":0},"categories":[6,2528,12],"tags":[30254,27218,25730,1350,27217,6610,7910,259,6587,11796,154,3879,20251,27219,3014],"aioseo_notices":[],"_links":{"self":[{"href":"https:\/\/mspontocom.com.br\/site\/wp-json\/wp\/v2\/posts\/113614"}],"collection":[{"href":"https:\/\/mspontocom.com.br\/site\/wp-json\/wp\/v2\/posts"}],"about":[{"href":"https:\/\/mspontocom.com.br\/site\/wp-json\/wp\/v2\/types\/post"}],"author":[{"embeddable":true,"href":"https:\/\/mspontocom.com.br\/site\/wp-json\/wp\/v2\/users\/2"}],"replies":[{"embeddable":true,"href":"https:\/\/mspontocom.com.br\/site\/wp-json\/wp\/v2\/comments?post=113614"}],"version-history":[{"count":0,"href":"https:\/\/mspontocom.com.br\/site\/wp-json\/wp\/v2\/posts\/113614\/revisions"}],"wp:featuredmedia":[{"embeddable":true,"href":"https:\/\/mspontocom.com.br\/site\/wp-json\/wp\/v2\/media\/113615"}],"wp:attachment":[{"href":"https:\/\/mspontocom.com.br\/site\/wp-json\/wp\/v2\/media?parent=113614"}],"wp:term":[{"taxonomy":"category","embeddable":true,"href":"https:\/\/mspontocom.com.br\/site\/wp-json\/wp\/v2\/categories?post=113614"},{"taxonomy":"post_tag","embeddable":true,"href":"https:\/\/mspontocom.com.br\/site\/wp-json\/wp\/v2\/tags?post=113614"}],"curies":[{"name":"wp","href":"https:\/\/api.w.org\/{rel}","templated":true}]}}