{"id":113618,"date":"2016-09-02T08:31:29","date_gmt":"2016-09-02T12:31:29","guid":{"rendered":"https:\/\/mspontocom.com.br\/site\/?p=113618"},"modified":"2016-09-02T08:11:28","modified_gmt":"2016-09-02T12:11:28","slug":"ms-educacao-inscreve-para-cursos-tecnicos-na-area-da-saude","status":"publish","type":"post","link":"https:\/\/mspontocom.com.br\/site\/ms-educacao-inscreve-para-cursos-tecnicos-na-area-da-saude\/","title":{"rendered":"MS: Educa\u00e7\u00e3o inscreve para cursos t\u00e9cnicos na \u00e1rea da sa\u00fade"},"content":{"rendered":"<p><a href=\"https:\/\/mspontocom.com.br\/site\/wp-content\/uploads\/2016\/09\/saude.jpg\"><img loading=\"lazy\" class=\"alignleft size-full wp-image-113619\" alt=\"saude\" src=\"https:\/\/mspontocom.com.br\/site\/wp-content\/uploads\/2016\/09\/saude.jpg\" width=\"625\" height=\"345\" srcset=\"https:\/\/mspontocom.com.br\/site\/wp-content\/uploads\/2016\/09\/saude.jpg 625w, https:\/\/mspontocom.com.br\/site\/wp-content\/uploads\/2016\/09\/saude-260x143.jpg 260w\" sizes=\"(max-width: 625px) 100vw, 625px\" \/><\/a>A Secretaria de Estado de Educa\u00e7\u00e3o de Mato Grosso do Sul (SED) realizou o lan\u00e7amento de<strong> cursos t\u00e9cnicos<\/strong> na \u00e1rea da Sa\u00fade da Rede Estadual de Ensino (REE).<\/p>\n<p><strong style=\"line-height: 1.5em;\">Cursos<\/strong><\/p>\n<p><span style=\"line-height: 1.5em;\">Est\u00e3o sendo oferecidas 1050 vagas para os cursos t\u00e9cnicos, gratuitos, com dura\u00e7\u00e3o m\u00e9dia de 18 meses, em An\u00e1lises Cl\u00ednicas, Agente Comunit\u00e1rio de Sa\u00fade, Enfermagem, Ger\u00eancia de Sa\u00fade e Auxiliar de Sa\u00fade Bucal, atendendo, inicialmente, nove munic\u00edpios do Estado: <strong>Camapu\u00e3, Campo Grande, Corumb\u00e1, Dourados, Jardim, Navira\u00ed, Nova Andradina, Ponta Por\u00e3, Tr\u00eas Lagoas.<\/strong><\/span><\/p>\n<p><strong>Inscri\u00e7\u00f5es<\/strong><\/p>\n<p><span style=\"line-height: 1.5em;\">Os cursos come\u00e7am em 19 de setembro. \u00a0A idade m\u00ednima para participar \u00e9 16 anos, exceto para Auxiliar de Sa\u00fade Bucal, que \u00e9 18. Os interessados devem procurar as <strong>escolas<\/strong> ofertantes.<\/span><\/p>\n<p><a href=\"https:\/\/www.sed.ms.gov.br\/wp-content\/uploads\/sites\/67\/2016\/08\/LISTA-COMUNICA%C3%87%C3%83O.xlsx\">Veja aqui as escolas ofertantes dos novos cursos na \u00e1rea da sa\u00fade<\/a><\/p>\n<p>&nbsp;<\/p>\n","protected":false},"excerpt":{"rendered":"<p>A Secretaria de Estado de Educa\u00e7\u00e3o de Mato Grosso do Sul (SED) realizou o lan\u00e7amento de cursos t\u00e9cnicos na \u00e1rea da Sa\u00fade da Rede Estadual de Ensino (REE). Cursos Est\u00e3o sendo oferecidas 1050 vagas para os cursos t\u00e9cnicos, gratuitos, com dura\u00e7\u00e3o m\u00e9dia de 18 meses, em An\u00e1lises Cl\u00ednicas, Agente Comunit\u00e1rio de Sa\u00fade, Enfermagem, Ger\u00eancia de [&hellip;]<\/p>\n","protected":false},"author":2,"featured_media":113619,"comment_status":"open","ping_status":"open","sticky":false,"template":"","format":"standard","meta":{"_monsterinsights_skip_tracking":false,"_monsterinsights_sitenote_active":false,"_monsterinsights_sitenote_note":"","_monsterinsights_sitenote_category":0},"categories":[76,74,11],"tags":[24328,2394,104,27220,25095,81,6587,82,18996],"aioseo_notices":[],"_links":{"self":[{"href":"https:\/\/mspontocom.com.br\/site\/wp-json\/wp\/v2\/posts\/113618"}],"collection":[{"href":"https:\/\/mspontocom.com.br\/site\/wp-json\/wp\/v2\/posts"}],"about":[{"href":"https:\/\/mspontocom.com.br\/site\/wp-json\/wp\/v2\/types\/post"}],"author":[{"embeddable":true,"href":"https:\/\/mspontocom.com.br\/site\/wp-json\/wp\/v2\/users\/2"}],"replies":[{"embeddable":true,"href":"https:\/\/mspontocom.com.br\/site\/wp-json\/wp\/v2\/comments?post=113618"}],"version-history":[{"count":0,"href":"https:\/\/mspontocom.com.br\/site\/wp-json\/wp\/v2\/posts\/113618\/revisions"}],"wp:featuredmedia":[{"embeddable":true,"href":"https:\/\/mspontocom.com.br\/site\/wp-json\/wp\/v2\/media\/113619"}],"wp:attachment":[{"href":"https:\/\/mspontocom.com.br\/site\/wp-json\/wp\/v2\/media?parent=113618"}],"wp:term":[{"taxonomy":"category","embeddable":true,"href":"https:\/\/mspontocom.com.br\/site\/wp-json\/wp\/v2\/categories?post=113618"},{"taxonomy":"post_tag","embeddable":true,"href":"https:\/\/mspontocom.com.br\/site\/wp-json\/wp\/v2\/tags?post=113618"}],"curies":[{"name":"wp","href":"https:\/\/api.w.org\/{rel}","templated":true}]}}