{"id":113649,"date":"2016-09-03T06:33:31","date_gmt":"2016-09-03T10:33:31","guid":{"rendered":"https:\/\/mspontocom.com.br\/site\/?p=113649"},"modified":"2016-09-03T06:33:31","modified_gmt":"2016-09-03T10:33:31","slug":"tribunal-decide-que-moro-julgara-caso-do-suposto-triplex-de-lula","status":"publish","type":"post","link":"https:\/\/mspontocom.com.br\/site\/tribunal-decide-que-moro-julgara-caso-do-suposto-triplex-de-lula\/","title":{"rendered":"Tribunal decide que Moro julgar\u00e1 caso do suposto tr\u00edplex de Lula"},"content":{"rendered":"<p style=\"text-align: justify;\"><a href=\"https:\/\/mspontocom.com.br\/site\/wp-content\/uploads\/2016\/09\/Lula-.jpg\"><img loading=\"lazy\" class=\"alignleft size-full wp-image-113650\" alt=\"Lula-\" src=\"https:\/\/mspontocom.com.br\/site\/wp-content\/uploads\/2016\/09\/Lula-.jpg\" width=\"728\" height=\"480\" srcset=\"https:\/\/mspontocom.com.br\/site\/wp-content\/uploads\/2016\/09\/Lula-.jpg 728w, https:\/\/mspontocom.com.br\/site\/wp-content\/uploads\/2016\/09\/Lula--260x171.jpg 260w\" sizes=\"(max-width: 728px) 100vw, 728px\" \/><\/a>O juiz <strong>S\u00e9rgio Moro<\/strong> ir\u00e1 \u00a0examinar e proferir senten\u00e7as no caso do<strong> tr\u00edplex<\/strong> 164-A do Guaruj\u00e1, atribu\u00eddo ao ex-presidente Lula.<\/p>\n<p style=\"text-align: justify;\">A decis\u00e3o foi da 10\u00aa C\u00e2mara de Direito Criminal do Tribunal de Justi\u00e7a de S\u00e3o Paulo.<\/p>\n<p style=\"text-align: justify;\">Lula \u00e9 acusado por falsidade ideol\u00f3gica e lavagem de dinheiro por supostamente ocultar a propriedade do im\u00f3vel no Guaruj\u00e1, reformado pela OAS.<\/p>\n<p style=\"text-align: justify;\"><span style=\"line-height: 1.5em;\">A decis\u00e3o de manter o processo no \u00e2mbito federal teve vota\u00e7\u00e3o un\u00e2nime dos desembargadores e manifesta\u00e7\u00e3o favor\u00e1vel da Procuradoria de Justi\u00e7a. <\/span><\/p>\n<p style=\"text-align: justify;\"><span style=\"line-height: 1.5em;\">Em seu voto, o relator do recurso, desembargador Nuevo Campos, ressalta que \u201co caso aponta para a exist\u00eancia de robusta conex\u00e3o com os fatos apurados na opera\u00e7\u00e3o denominada \u2018Lava Jato\u2019, em tr\u00e2mite perante o ju\u00edzo da 13\u00aa Vara Federal de Curitiba (PR)\u201d.<\/span><\/p>\n<p style=\"text-align: justify;\">\u00a0Acompanharam o voto do relator os desembargadores Carlos Bueno e Galv\u00e3o Bruno.<\/p>\n<p style=\"text-align: justify;\">O caso tr\u00edplex levou \u00e0 indicia\u00e7\u00e3o do ex-presidente<strong> Lula<\/strong> pela Pol\u00edcia Federal, na <strong>Lava Jato. <\/strong><\/p>\n<p style=\"text-align: justify;\">O petista foi indiciado por corrup\u00e7\u00e3o passiva, lavagem de dinheiro e falsidade ideol\u00f3gica. Dona Marisa por corrup\u00e7\u00e3o e lavagem.<\/p>\n<p style=\"text-align: justify;\">\n<p style=\"text-align: justify;\">fonte: Di\u00e1rio do Poder<\/p>\n<p style=\"text-align: justify;\">\n<p style=\"text-align: justify;\">\n<p style=\"text-align: justify;\">\n<p style=\"text-align: justify;\">\n","protected":false},"excerpt":{"rendered":"<p>O juiz S\u00e9rgio Moro ir\u00e1 \u00a0examinar e proferir senten\u00e7as no caso do tr\u00edplex 164-A do Guaruj\u00e1, atribu\u00eddo ao ex-presidente Lula. A decis\u00e3o foi da 10\u00aa C\u00e2mara de Direito Criminal do Tribunal de Justi\u00e7a de S\u00e3o Paulo. Lula \u00e9 acusado por falsidade ideol\u00f3gica e lavagem de dinheiro por supostamente ocultar a propriedade do im\u00f3vel no Guaruj\u00e1, [&hellip;]<\/p>\n","protected":false},"author":2,"featured_media":113650,"comment_status":"open","ping_status":"open","sticky":false,"template":"","format":"standard","meta":{"_monsterinsights_skip_tracking":false,"_monsterinsights_sitenote_active":false,"_monsterinsights_sitenote_note":"","_monsterinsights_sitenote_category":0},"categories":[6,2528,12],"tags":[30254,24545,25266,24791,1789,27229,1350,480,6587,154,20193,13588,27230,25566,24871],"aioseo_notices":[],"_links":{"self":[{"href":"https:\/\/mspontocom.com.br\/site\/wp-json\/wp\/v2\/posts\/113649"}],"collection":[{"href":"https:\/\/mspontocom.com.br\/site\/wp-json\/wp\/v2\/posts"}],"about":[{"href":"https:\/\/mspontocom.com.br\/site\/wp-json\/wp\/v2\/types\/post"}],"author":[{"embeddable":true,"href":"https:\/\/mspontocom.com.br\/site\/wp-json\/wp\/v2\/users\/2"}],"replies":[{"embeddable":true,"href":"https:\/\/mspontocom.com.br\/site\/wp-json\/wp\/v2\/comments?post=113649"}],"version-history":[{"count":0,"href":"https:\/\/mspontocom.com.br\/site\/wp-json\/wp\/v2\/posts\/113649\/revisions"}],"wp:featuredmedia":[{"embeddable":true,"href":"https:\/\/mspontocom.com.br\/site\/wp-json\/wp\/v2\/media\/113650"}],"wp:attachment":[{"href":"https:\/\/mspontocom.com.br\/site\/wp-json\/wp\/v2\/media?parent=113649"}],"wp:term":[{"taxonomy":"category","embeddable":true,"href":"https:\/\/mspontocom.com.br\/site\/wp-json\/wp\/v2\/categories?post=113649"},{"taxonomy":"post_tag","embeddable":true,"href":"https:\/\/mspontocom.com.br\/site\/wp-json\/wp\/v2\/tags?post=113649"}],"curies":[{"name":"wp","href":"https:\/\/api.w.org\/{rel}","templated":true}]}}