{"id":113659,"date":"2016-09-03T10:00:52","date_gmt":"2016-09-03T14:00:52","guid":{"rendered":"https:\/\/mspontocom.com.br\/site\/?p=113659"},"modified":"2016-09-03T08:00:59","modified_gmt":"2016-09-03T12:00:59","slug":"uems-abre-inscricoes-para-mestrado-de-ensino-em-saude","status":"publish","type":"post","link":"https:\/\/mspontocom.com.br\/site\/uems-abre-inscricoes-para-mestrado-de-ensino-em-saude\/","title":{"rendered":"UEMS abre inscri\u00e7\u00f5es para Mestrado de Ensino em Sa\u00fade"},"content":{"rendered":"<p style=\"text-align: justify;\"><a href=\"https:\/\/mspontocom.com.br\/site\/wp-content\/uploads\/2016\/09\/saude2.jpg\"><img loading=\"lazy\" class=\"alignleft size-full wp-image-113661\" alt=\"saude2\" src=\"https:\/\/mspontocom.com.br\/site\/wp-content\/uploads\/2016\/09\/saude2.jpg\" width=\"400\" height=\"322\" srcset=\"https:\/\/mspontocom.com.br\/site\/wp-content\/uploads\/2016\/09\/saude2.jpg 400w, https:\/\/mspontocom.com.br\/site\/wp-content\/uploads\/2016\/09\/saude2-260x209.jpg 260w\" sizes=\"(max-width: 400px) 100vw, 400px\" \/><\/a>A\u00a0Universidade Estadual de Mato Grosso do Sul <strong>(UEMS)<\/strong>, Unidade de <strong>Dourados<\/strong>, abre inscri\u00e7\u00f5es para o processo seletivo do<strong>\u00a0Mestrado Profissional em Ensino em Sa\u00fade.<\/strong><\/p>\n<p style=\"text-align: justify;\"><strong>O Programa<\/strong><\/p>\n<p style=\"text-align: justify;\">O Programa de P\u00f3s-Gradua\u00e7\u00e3o Stricto Sensu \u00e9 direcionado \u00e0 forma\u00e7\u00e3o de profissionais capazes de realizar trabalhos em sa\u00fade no contexto do Sistema \u00danico Sistema (SUS), \u00a0com vis\u00e3o integral do ser humano, atendendo \u00e0s peculiaridades regionais<\/p>\n<p style=\"text-align: justify;\">\n<p style=\"text-align: justify;\">Podem inscrever-se no processo seletivo do mestrado profissional, portadores de diploma de Curso Superior,<strong> em todas as \u00e1reas do conhecimento<\/strong>, devidamente autorizados e reconhecidos pelo \u00f3rg\u00e3o competente.<\/p>\n<p style=\"text-align: justify;\"><strong style=\"line-height: 1.5em;\">Inscri\u00e7\u00f5es<\/strong><\/p>\n<p style=\"text-align: justify;\">As inscri\u00e7\u00f5es podem ser realizadas de 2 de setembro a 3 de outubro de 2016, exclusivamente pela internet. Clique<a href=\"https:\/\/www.uems.br\/pos_graduacao\/detalhes\/ensino-em-saude-dourados-mestrado-profissional\/inscricoes\">aqui<\/a>\u00a0para fazer a inscri\u00e7\u00e3o.<\/p>\n<p style=\"text-align: justify;\">\u00a0Confira\u00a0<a href=\"https:\/\/www.uems.br\/assets\/uploads\/cursos_pos\/e147e39e86246f835839f40a04dc160b\/home\/1_e147e39e86246f835839f40a04dc160b_2016-09-01_15-35-19.pdf\">aqui<\/a>\u00a0o edital<\/p>\n<p style=\"text-align: justify;\">\n","protected":false},"excerpt":{"rendered":"<p>A\u00a0Universidade Estadual de Mato Grosso do Sul (UEMS), Unidade de Dourados, abre inscri\u00e7\u00f5es para o processo seletivo do\u00a0Mestrado Profissional em Ensino em Sa\u00fade. O Programa O Programa de P\u00f3s-Gradua\u00e7\u00e3o Stricto Sensu \u00e9 direcionado \u00e0 forma\u00e7\u00e3o de profissionais capazes de realizar trabalhos em sa\u00fade no contexto do Sistema \u00danico Sistema (SUS), \u00a0com vis\u00e3o integral do ser [&hellip;]<\/p>\n","protected":false},"author":2,"featured_media":113661,"comment_status":"open","ping_status":"open","sticky":false,"template":"","format":"standard","meta":{"_monsterinsights_skip_tracking":false,"_monsterinsights_sitenote_active":false,"_monsterinsights_sitenote_note":"","_monsterinsights_sitenote_category":0},"categories":[76,4327],"tags":[23419,192,104,2197,455,8511,81,6587,82,83,432],"aioseo_notices":[],"_links":{"self":[{"href":"https:\/\/mspontocom.com.br\/site\/wp-json\/wp\/v2\/posts\/113659"}],"collection":[{"href":"https:\/\/mspontocom.com.br\/site\/wp-json\/wp\/v2\/posts"}],"about":[{"href":"https:\/\/mspontocom.com.br\/site\/wp-json\/wp\/v2\/types\/post"}],"author":[{"embeddable":true,"href":"https:\/\/mspontocom.com.br\/site\/wp-json\/wp\/v2\/users\/2"}],"replies":[{"embeddable":true,"href":"https:\/\/mspontocom.com.br\/site\/wp-json\/wp\/v2\/comments?post=113659"}],"version-history":[{"count":0,"href":"https:\/\/mspontocom.com.br\/site\/wp-json\/wp\/v2\/posts\/113659\/revisions"}],"wp:featuredmedia":[{"embeddable":true,"href":"https:\/\/mspontocom.com.br\/site\/wp-json\/wp\/v2\/media\/113661"}],"wp:attachment":[{"href":"https:\/\/mspontocom.com.br\/site\/wp-json\/wp\/v2\/media?parent=113659"}],"wp:term":[{"taxonomy":"category","embeddable":true,"href":"https:\/\/mspontocom.com.br\/site\/wp-json\/wp\/v2\/categories?post=113659"},{"taxonomy":"post_tag","embeddable":true,"href":"https:\/\/mspontocom.com.br\/site\/wp-json\/wp\/v2\/tags?post=113659"}],"curies":[{"name":"wp","href":"https:\/\/api.w.org\/{rel}","templated":true}]}}