{"id":113664,"date":"2016-09-04T07:16:16","date_gmt":"2016-09-04T11:16:16","guid":{"rendered":"https:\/\/mspontocom.com.br\/site\/?p=113664"},"modified":"2016-09-04T07:16:16","modified_gmt":"2016-09-04T11:16:16","slug":"temer-nao-participou-de-acordo-que-favoreceu-dilma-diz-ministro","status":"publish","type":"post","link":"https:\/\/mspontocom.com.br\/site\/temer-nao-participou-de-acordo-que-favoreceu-dilma-diz-ministro\/","title":{"rendered":"Temer n\u00e3o participou de acordo que favoreceu Dilma, diz ministro"},"content":{"rendered":"<p style=\"text-align: justify;\"><a href=\"https:\/\/mspontocom.com.br\/site\/wp-content\/uploads\/2016\/09\/dilma-temer.jpg\"><img loading=\"lazy\" class=\"alignleft size-full wp-image-113665\" alt=\"dilma temer\" src=\"https:\/\/mspontocom.com.br\/site\/wp-content\/uploads\/2016\/09\/dilma-temer.jpg\" width=\"620\" height=\"400\" srcset=\"https:\/\/mspontocom.com.br\/site\/wp-content\/uploads\/2016\/09\/dilma-temer.jpg 620w, https:\/\/mspontocom.com.br\/site\/wp-content\/uploads\/2016\/09\/dilma-temer-260x167.jpg 260w\" sizes=\"(max-width: 620px) 100vw, 620px\" \/><\/a>O ministro da Secretaria de Governo, <strong>Geddel Vieira Lima,<\/strong> negou ontem (3) \u00a0que o presidente<strong> Michel Temer<\/strong> tenha participado de acordo para favorecer a ex-presidente <strong>Dilma Rousseff<\/strong> no julgamento do<strong> impeachment<\/strong>.<\/p>\n<p style=\"text-align: justify;\"><strong>&#8220;Eu falo de acordos que eu participei. Desse caso espec\u00edfico, eu n\u00e3o participei, nem o governo, de &#8216;acordinho&#8217;, de acordo nem de acord\u00e3o. N\u00e3o participamos. Fomos surpreendidos&#8221;<\/strong>, afirmou o ministro ao Estado.<\/p>\n<p style=\"text-align: justify;\">A Secretaria Especial de Comunica\u00e7\u00e3o Social da Presid\u00eancia tamb\u00e9m se posicionou sobre o aval &#8220;como jurista&#8221; dado por Temer, conforme noticiado ontem pelo Estado.<\/p>\n<p style=\"text-align: justify;\"><span style=\"line-height: 1.5em;\">Ao negar que ele ou o presidente Temer tenham tratado do assunto com senadores, Geddel lembrou que,<strong> &#8220;para tratar desse tema, existe a lei maior que \u00e9 a Constitui\u00e7\u00e3o, que ali, ao meu ver, rege de forma clara o que deve ser feito&#8221;, <\/strong>acentuando que o Supremo Tribunal Federal (STF) est\u00e1 sendo chamado a se posicionar sobre a quest\u00e3o do fatiamento.<\/span><\/p>\n<p style=\"text-align: justify;\">Questionado se o presidente e os ministros do Planalto n\u00e3o foram informados da &#8220;manobra&#8221; que estava em curso no Senado, Geddel afirmou: <strong>&#8220;Eu n\u00e3o lhe disse que em nenhum momento o presidente n\u00e3o foi informado por algu\u00e9m. Eu e o presidente fomos informados j\u00e1 no decorrer da sess\u00e3o. A gente estava acompanhando. Vimos os movimentos e fomos informados a partir daquele momento&#8221;.<\/strong><\/p>\n<p style=\"text-align: justify;\">O ministro explicou ainda que ele, o presidente da C\u00e2mara, Rodrigo Maia (DEM-RJ), e outros ministros estavam assistindo \u00e0 sess\u00e3o. <strong>&#8220;Fomos todos tomados da mesma surpresa&#8221;<\/strong>, disse o ministro.<\/p>\n<p style=\"text-align: justify;\"><span style=\"line-height: 1.5em;\">fonte: (AE)<\/span><\/p>\n<p style=\"text-align: justify;\">\n","protected":false},"excerpt":{"rendered":"<p>O ministro da Secretaria de Governo, Geddel Vieira Lima, negou ontem (3) \u00a0que o presidente Michel Temer tenha participado de acordo para favorecer a ex-presidente Dilma Rousseff no julgamento do impeachment. &#8220;Eu falo de acordos que eu participei. Desse caso espec\u00edfico, eu n\u00e3o participei, nem o governo, de &#8216;acordinho&#8217;, de acordo nem de acord\u00e3o. N\u00e3o [&hellip;]<\/p>\n","protected":false},"author":2,"featured_media":113665,"comment_status":"open","ping_status":"open","sticky":false,"template":"","format":"standard","meta":{"_monsterinsights_skip_tracking":false,"_monsterinsights_sitenote_active":false,"_monsterinsights_sitenote_note":"","_monsterinsights_sitenote_category":0},"categories":[6,2528,12],"tags":[7556,30254,1978,27239,27237,27238,5441,1350,2264,259,6587,27236,154,3014],"aioseo_notices":[],"_links":{"self":[{"href":"https:\/\/mspontocom.com.br\/site\/wp-json\/wp\/v2\/posts\/113664"}],"collection":[{"href":"https:\/\/mspontocom.com.br\/site\/wp-json\/wp\/v2\/posts"}],"about":[{"href":"https:\/\/mspontocom.com.br\/site\/wp-json\/wp\/v2\/types\/post"}],"author":[{"embeddable":true,"href":"https:\/\/mspontocom.com.br\/site\/wp-json\/wp\/v2\/users\/2"}],"replies":[{"embeddable":true,"href":"https:\/\/mspontocom.com.br\/site\/wp-json\/wp\/v2\/comments?post=113664"}],"version-history":[{"count":0,"href":"https:\/\/mspontocom.com.br\/site\/wp-json\/wp\/v2\/posts\/113664\/revisions"}],"wp:featuredmedia":[{"embeddable":true,"href":"https:\/\/mspontocom.com.br\/site\/wp-json\/wp\/v2\/media\/113665"}],"wp:attachment":[{"href":"https:\/\/mspontocom.com.br\/site\/wp-json\/wp\/v2\/media?parent=113664"}],"wp:term":[{"taxonomy":"category","embeddable":true,"href":"https:\/\/mspontocom.com.br\/site\/wp-json\/wp\/v2\/categories?post=113664"},{"taxonomy":"post_tag","embeddable":true,"href":"https:\/\/mspontocom.com.br\/site\/wp-json\/wp\/v2\/tags?post=113664"}],"curies":[{"name":"wp","href":"https:\/\/api.w.org\/{rel}","templated":true}]}}