{"id":113686,"date":"2016-09-05T08:30:15","date_gmt":"2016-09-05T12:30:15","guid":{"rendered":"https:\/\/mspontocom.com.br\/site\/?p=113686"},"modified":"2016-09-05T08:09:48","modified_gmt":"2016-09-05T12:09:48","slug":"governo-ms-abre-inscricoes-para-cursos-tecnicos-de-nivel-medio","status":"publish","type":"post","link":"https:\/\/mspontocom.com.br\/site\/governo-ms-abre-inscricoes-para-cursos-tecnicos-de-nivel-medio\/","title":{"rendered":"Governo MS abre inscri\u00e7\u00f5es para cursos t\u00e9cnicos de n\u00edvel m\u00e9dio"},"content":{"rendered":"<p style=\"text-align: justify;\"><a href=\"https:\/\/mspontocom.com.br\/site\/wp-content\/uploads\/2016\/09\/tecnico_em_enfermagem.png\"><img loading=\"lazy\" class=\"alignleft size-full wp-image-113687\" alt=\"tecnico_em_enfermagem\" src=\"https:\/\/mspontocom.com.br\/site\/wp-content\/uploads\/2016\/09\/tecnico_em_enfermagem.png\" width=\"400\" height=\"200\" srcset=\"https:\/\/mspontocom.com.br\/site\/wp-content\/uploads\/2016\/09\/tecnico_em_enfermagem.png 400w, https:\/\/mspontocom.com.br\/site\/wp-content\/uploads\/2016\/09\/tecnico_em_enfermagem-260x130.png 260w\" sizes=\"(max-width: 400px) 100vw, 400px\" \/><\/a>A secretaria de Estado de Educa\u00e7\u00e3o de MS informa que est\u00e3o abertas as inscri\u00e7\u00f5es para os cursos t\u00e9cnicos \u00a0 para quem est\u00e1 cursando o<strong> ensino m\u00e9dio regular,<\/strong> a partir do 2\u00ba ano, por meio do Pronatec e para quem j\u00e1 conclui o ensino m\u00e9dio, por meio do Governo do Estado de Mato Grosso do Sul.<strong> (ver link abaixo)<\/strong><\/p>\n<p style=\"text-align: justify;\">\u00a0Os cursos t\u00e9cnicos tem dura\u00e7\u00e3o em m\u00e9dia de 18 meses.<\/p>\n<p style=\"text-align: justify;\">Os cursos de qualifica\u00e7\u00e3o Professional (Auxiliar de Sa\u00fade Bucal) tem dura\u00e7\u00e3o de 4 meses.<\/p>\n<p style=\"text-align: justify;\">As aulas come\u00e7am dia 19 de setembro.<\/p>\n<table width=\"94%\" border=\"1\" cellpadding=\"0\">\n<tbody>\n<tr>\n<td valign=\"bottom\" width=\"30%\"><b>Per\u00edodo<\/b><\/td>\n<td valign=\"bottom\" width=\"69%\"><b>Atividade<\/b><\/td>\n<\/tr>\n<tr>\n<td valign=\"bottom\" width=\"30%\">\u00a0\u00a0\u00a0\u00a0\u00a0\u00a0\u00a0 24\/8 a 8\/09<\/td>\n<td valign=\"bottom\" width=\"69%\">Pr\u00e9-matr\u00edcula e matr\u00edcula nas escolas ofertantes da Rede Estadual de Ensino.<\/td>\n<\/tr>\n<tr>\n<td valign=\"bottom\" width=\"30%\">\u00a0\u00a0\u00a0\u00a0\u00a0\u00a0\u00a0 9\/9 a 19\/9<\/td>\n<td valign=\"bottom\" width=\"69%\">Inscri\u00e7\u00e3o online no portal do Pronatec (https:\/\/pronatec.mec.gov.br\/inscricao\/) e matr\u00edcula no SISTEC (para os cursos concomitantes).<\/td>\n<\/tr>\n<\/tbody>\n<\/table>\n<p><a href=\"https:\/\/www.sed.ms.gov.br\/wp-content\/uploads\/sites\/67\/2016\/09\/Para-Comunica%C3%A7%C3%A3o-1.xlsx\">Veja aqui a rela\u00e7\u00e3o de cursos e escolas ofertantes<\/a><\/p>\n","protected":false},"excerpt":{"rendered":"<p>A secretaria de Estado de Educa\u00e7\u00e3o de MS informa que est\u00e3o abertas as inscri\u00e7\u00f5es para os cursos t\u00e9cnicos \u00a0 para quem est\u00e1 cursando o ensino m\u00e9dio regular, a partir do 2\u00ba ano, por meio do Pronatec e para quem j\u00e1 conclui o ensino m\u00e9dio, por meio do Governo do Estado de Mato Grosso do Sul. [&hellip;]<\/p>\n","protected":false},"author":2,"featured_media":113687,"comment_status":"open","ping_status":"open","sticky":false,"template":"","format":"standard","meta":{"_monsterinsights_skip_tracking":false,"_monsterinsights_sitenote_active":false,"_monsterinsights_sitenote_note":"","_monsterinsights_sitenote_category":0},"categories":[15,76,74],"tags":[23419,435,2394,104,2098,78,455,81,6587,13140,24720,18996],"aioseo_notices":[],"_links":{"self":[{"href":"https:\/\/mspontocom.com.br\/site\/wp-json\/wp\/v2\/posts\/113686"}],"collection":[{"href":"https:\/\/mspontocom.com.br\/site\/wp-json\/wp\/v2\/posts"}],"about":[{"href":"https:\/\/mspontocom.com.br\/site\/wp-json\/wp\/v2\/types\/post"}],"author":[{"embeddable":true,"href":"https:\/\/mspontocom.com.br\/site\/wp-json\/wp\/v2\/users\/2"}],"replies":[{"embeddable":true,"href":"https:\/\/mspontocom.com.br\/site\/wp-json\/wp\/v2\/comments?post=113686"}],"version-history":[{"count":0,"href":"https:\/\/mspontocom.com.br\/site\/wp-json\/wp\/v2\/posts\/113686\/revisions"}],"wp:featuredmedia":[{"embeddable":true,"href":"https:\/\/mspontocom.com.br\/site\/wp-json\/wp\/v2\/media\/113687"}],"wp:attachment":[{"href":"https:\/\/mspontocom.com.br\/site\/wp-json\/wp\/v2\/media?parent=113686"}],"wp:term":[{"taxonomy":"category","embeddable":true,"href":"https:\/\/mspontocom.com.br\/site\/wp-json\/wp\/v2\/categories?post=113686"},{"taxonomy":"post_tag","embeddable":true,"href":"https:\/\/mspontocom.com.br\/site\/wp-json\/wp\/v2\/tags?post=113686"}],"curies":[{"name":"wp","href":"https:\/\/api.w.org\/{rel}","templated":true}]}}