{"id":113740,"date":"2016-09-06T13:00:03","date_gmt":"2016-09-06T17:00:03","guid":{"rendered":"https:\/\/mspontocom.com.br\/site\/?p=113740"},"modified":"2016-09-06T09:27:39","modified_gmt":"2016-09-06T13:27:39","slug":"abertas-as-inscricoes-para-o-parlamento-juvenil-do-mercosul","status":"publish","type":"post","link":"https:\/\/mspontocom.com.br\/site\/abertas-as-inscricoes-para-o-parlamento-juvenil-do-mercosul\/","title":{"rendered":"Abertas as inscri\u00e7\u00f5es para o Parlamento Juvenil do MERCOSUL"},"content":{"rendered":"<p style=\"text-align: justify;\"><a href=\"https:\/\/mspontocom.com.br\/site\/wp-content\/uploads\/2016\/09\/parlamento.png\"><img loading=\"lazy\" class=\"alignleft size-full wp-image-113742\" alt=\"parlamento\" src=\"https:\/\/mspontocom.com.br\/site\/wp-content\/uploads\/2016\/09\/parlamento.png\" width=\"270\" height=\"270\" srcset=\"https:\/\/mspontocom.com.br\/site\/wp-content\/uploads\/2016\/09\/parlamento.png 270w, https:\/\/mspontocom.com.br\/site\/wp-content\/uploads\/2016\/09\/parlamento-150x150.png 150w, https:\/\/mspontocom.com.br\/site\/wp-content\/uploads\/2016\/09\/parlamento-260x260.png 260w, https:\/\/mspontocom.com.br\/site\/wp-content\/uploads\/2016\/09\/parlamento-80x80.png 80w, https:\/\/mspontocom.com.br\/site\/wp-content\/uploads\/2016\/09\/parlamento-100x100.png 100w\" sizes=\"(max-width: 270px) 100vw, 270px\" \/><\/a>Est\u00e3o abertas as inscri\u00e7\u00f5es para o<strong> Parlamento Juvenil do MERCOSUL<\/strong> (PJM) 2016-2018.<\/p>\n<p style=\"text-align: justify;\">O jovem interessado em se tornar um parlamentar juvenil do MERCOSUL dever\u00e1 estar<strong> matriculado no 1\u00b0 ou 2\u00b0 ano do ensino m\u00e9dio regular ou integrado,<\/strong> e ainda, dever\u00e1 elaborar um projeto autoral de protagonismo juvenil e encaminh\u00e1-lo \u00e0 Secretaria de Estado de Educa\u00e7\u00e3o (SED) pelos correios ou pelo e-mail marciosilvased@gmail.com, juntamente com os demais documentos solicitados no Edital 2016-2018, at\u00e9 12\u00a0de setembro.<\/p>\n<p style=\"text-align: justify;\">O jovem eleito para representar a Unidade da Federa\u00e7\u00e3o e o Brasil \u00a0e ter\u00e1 o mandato de dois anos e, durante esse per\u00edodo, participar\u00e1 ativamente do processo de elabora\u00e7\u00e3o e divulga\u00e7\u00e3o da Declara\u00e7\u00e3o do Parlamento Juvenil.<\/p>\n<p style=\"text-align: justify;\"><strong>Parceiros<\/strong><\/p>\n<p style=\"text-align: justify;\">O Parlamento Juvenil do MERCOSUL \u00e9 realizado por meio de parceria entre a Secretaria de Estado de Educa\u00e7\u00e3o (SED), Minist\u00e9rio da Educa\u00e7\u00e3o (MEC), por meio da Assessoria Internacional do MEC e com o apoio com apoio da Secretaria de Educa\u00e7\u00e3o B\u00e1sica do Minist\u00e9rio da Educa\u00e7\u00e3o (MEC), Conselho Nacional das Institui\u00e7\u00f5es da Rede Federal de Educa\u00e7\u00e3o Profissional, Cient\u00edfica e Tecnol\u00f3gica (Conif), institui\u00e7\u00f5es da Rede Federal de Educa\u00e7\u00e3o Profissional, Cient\u00edfica e Tecnol\u00f3gica e Conselho Nacional de Secret\u00e1rios de Educa\u00e7\u00e3o (Consed).<\/p>\n<p style=\"text-align: justify;\"><strong>Servi\u00e7o<\/strong><\/p>\n<p style=\"text-align: justify;\">Acesse\u00a0<a href=\"https:\/\/portal.mec.gov.br\/index.php?option=com_docman&amp;view=download&amp;alias=45651-edital-pjm-2016-pdf&amp;category_slug=julho-2016-pdf&amp;Itemid=30192\">aqui o edital<\/a>.<\/p>\n<p style=\"text-align: justify;\">Outras informa\u00e7\u00f5es com a Coordenadoria de Pol\u00edticas para a Educa\u00e7\u00e3o B\u00e1sica: (67) 3318-2313\/2341\/2372<\/p>\n<p style=\"text-align: justify;\">\n<p style=\"text-align: justify;\">\n","protected":false},"excerpt":{"rendered":"<p>Est\u00e3o abertas as inscri\u00e7\u00f5es para o Parlamento Juvenil do MERCOSUL (PJM) 2016-2018. O jovem interessado em se tornar um parlamentar juvenil do MERCOSUL dever\u00e1 estar matriculado no 1\u00b0 ou 2\u00b0 ano do ensino m\u00e9dio regular ou integrado, e ainda, dever\u00e1 elaborar um projeto autoral de protagonismo juvenil e encaminh\u00e1-lo \u00e0 Secretaria de Estado de Educa\u00e7\u00e3o [&hellip;]<\/p>\n","protected":false},"author":2,"featured_media":113742,"comment_status":"open","ping_status":"open","sticky":false,"template":"","format":"standard","meta":{"_monsterinsights_skip_tracking":false,"_monsterinsights_sitenote_active":false,"_monsterinsights_sitenote_note":"","_monsterinsights_sitenote_category":0},"categories":[76,12],"tags":[22048,104,455,26938,1213,6587,22046,154],"aioseo_notices":[],"_links":{"self":[{"href":"https:\/\/mspontocom.com.br\/site\/wp-json\/wp\/v2\/posts\/113740"}],"collection":[{"href":"https:\/\/mspontocom.com.br\/site\/wp-json\/wp\/v2\/posts"}],"about":[{"href":"https:\/\/mspontocom.com.br\/site\/wp-json\/wp\/v2\/types\/post"}],"author":[{"embeddable":true,"href":"https:\/\/mspontocom.com.br\/site\/wp-json\/wp\/v2\/users\/2"}],"replies":[{"embeddable":true,"href":"https:\/\/mspontocom.com.br\/site\/wp-json\/wp\/v2\/comments?post=113740"}],"version-history":[{"count":0,"href":"https:\/\/mspontocom.com.br\/site\/wp-json\/wp\/v2\/posts\/113740\/revisions"}],"wp:featuredmedia":[{"embeddable":true,"href":"https:\/\/mspontocom.com.br\/site\/wp-json\/wp\/v2\/media\/113742"}],"wp:attachment":[{"href":"https:\/\/mspontocom.com.br\/site\/wp-json\/wp\/v2\/media?parent=113740"}],"wp:term":[{"taxonomy":"category","embeddable":true,"href":"https:\/\/mspontocom.com.br\/site\/wp-json\/wp\/v2\/categories?post=113740"},{"taxonomy":"post_tag","embeddable":true,"href":"https:\/\/mspontocom.com.br\/site\/wp-json\/wp\/v2\/tags?post=113740"}],"curies":[{"name":"wp","href":"https:\/\/api.w.org\/{rel}","templated":true}]}}