{"id":113801,"date":"2016-09-08T13:20:19","date_gmt":"2016-09-08T17:20:19","guid":{"rendered":"https:\/\/mspontocom.com.br\/site\/?p=113801"},"modified":"2016-09-08T13:20:19","modified_gmt":"2016-09-08T17:20:19","slug":"ministro-do-stf-acusa-lula-de-querer-embaracar-investigacoes","status":"publish","type":"post","link":"https:\/\/mspontocom.com.br\/site\/ministro-do-stf-acusa-lula-de-querer-embaracar-investigacoes\/","title":{"rendered":"Ministro do STF acusa Lula de querer &#8220;embara\u00e7ar&#8221; investiga\u00e7\u00f5es"},"content":{"rendered":"<p><a href=\"https:\/\/mspontocom.com.br\/site\/wp-content\/uploads\/2016\/09\/teori.jpg\"><img loading=\"lazy\" class=\"alignleft size-full wp-image-113802\" alt=\"teori\" src=\"https:\/\/mspontocom.com.br\/site\/wp-content\/uploads\/2016\/09\/teori.jpg\" width=\"692\" height=\"416\" srcset=\"https:\/\/mspontocom.com.br\/site\/wp-content\/uploads\/2016\/09\/teori.jpg 692w, https:\/\/mspontocom.com.br\/site\/wp-content\/uploads\/2016\/09\/teori-260x156.jpg 260w\" sizes=\"(max-width: 692px) 100vw, 692px\" \/><\/a>O\u00a0ministro<strong> Teori Zavascki,<\/strong> do STF, afirmou nesta quinta-feira, 8, que o ex-presidente<strong> Luiz In\u00e1cio Lula da Silva<\/strong> quer<strong> \u2019embara\u00e7ar\u2019<\/strong> as investiga\u00e7\u00f5es da<strong> Opera\u00e7\u00e3o Lava Jato<\/strong>.<\/p>\n<p>A declara\u00e7\u00e3o de Teori foi feita em reposta a uma Reclama\u00e7\u00e3o do petista \u00e0 Corte m\u00e1xima.<\/p>\n<p>A defesa de Lula foi ao Supremo contra tr\u00eas decis\u00f5es do juiz federal S\u00e9rgio Moro que manteve sob sua compet\u00eancia tr\u00eas inqu\u00e9ritos que investigam o petista.<\/p>\n<p><strong>Moro<\/strong> negou tr\u00eas exce\u00e7\u00f5es de incompet\u00eancia ajuizadas na 13\u00aa Vara Federal, em Curitiba, pelos defensores de Lula.<\/p>\n<p><strong>\u201cApesar de esses argumentos serem objeto de an\u00e1lise naqueles autos, tal quadro revela a insist\u00eancia do reclamante em dar aos procedimentos investigat\u00f3rios contornos de ilegalidade, como se isso fosse a regra. Nesse contexto, \u00e9 importante destacar que esta Corte possui amplo conhecimento dos processos (inqu\u00e9ritos e a\u00e7\u00f5es penais) que buscam investigar supostos crimes praticados no \u00e2mbito da Petrobras, com seus contornos e suas limita\u00e7\u00f5es, de modo que os argumentos agora trazidos nesta reclama\u00e7\u00e3o constitui mais uma das diversas tentativas da defesa de embara\u00e7ar as apura\u00e7\u00f5es\u201d,<\/strong> anota Teori.<\/p>\n<p>fonte: Di\u00e1rio do Poder<\/p>\n","protected":false},"excerpt":{"rendered":"<p>O\u00a0ministro Teori Zavascki, do STF, afirmou nesta quinta-feira, 8, que o ex-presidente Luiz In\u00e1cio Lula da Silva quer \u2019embara\u00e7ar\u2019 as investiga\u00e7\u00f5es da Opera\u00e7\u00e3o Lava Jato. A declara\u00e7\u00e3o de Teori foi feita em reposta a uma Reclama\u00e7\u00e3o do petista \u00e0 Corte m\u00e1xima. A defesa de Lula foi ao Supremo contra tr\u00eas decis\u00f5es do juiz federal S\u00e9rgio [&hellip;]<\/p>\n","protected":false},"author":2,"featured_media":113802,"comment_status":"open","ping_status":"open","sticky":false,"template":"","format":"standard","meta":{"_monsterinsights_skip_tracking":false,"_monsterinsights_sitenote_active":false,"_monsterinsights_sitenote_note":"","_monsterinsights_sitenote_category":0},"categories":[6,2528,12],"tags":[27278,25492,30254,25191,1350,21419,480,259,6587,154,27277,20193,3014,26396],"aioseo_notices":[],"_links":{"self":[{"href":"https:\/\/mspontocom.com.br\/site\/wp-json\/wp\/v2\/posts\/113801"}],"collection":[{"href":"https:\/\/mspontocom.com.br\/site\/wp-json\/wp\/v2\/posts"}],"about":[{"href":"https:\/\/mspontocom.com.br\/site\/wp-json\/wp\/v2\/types\/post"}],"author":[{"embeddable":true,"href":"https:\/\/mspontocom.com.br\/site\/wp-json\/wp\/v2\/users\/2"}],"replies":[{"embeddable":true,"href":"https:\/\/mspontocom.com.br\/site\/wp-json\/wp\/v2\/comments?post=113801"}],"version-history":[{"count":0,"href":"https:\/\/mspontocom.com.br\/site\/wp-json\/wp\/v2\/posts\/113801\/revisions"}],"wp:featuredmedia":[{"embeddable":true,"href":"https:\/\/mspontocom.com.br\/site\/wp-json\/wp\/v2\/media\/113802"}],"wp:attachment":[{"href":"https:\/\/mspontocom.com.br\/site\/wp-json\/wp\/v2\/media?parent=113801"}],"wp:term":[{"taxonomy":"category","embeddable":true,"href":"https:\/\/mspontocom.com.br\/site\/wp-json\/wp\/v2\/categories?post=113801"},{"taxonomy":"post_tag","embeddable":true,"href":"https:\/\/mspontocom.com.br\/site\/wp-json\/wp\/v2\/tags?post=113801"}],"curies":[{"name":"wp","href":"https:\/\/api.w.org\/{rel}","templated":true}]}}