{"id":113804,"date":"2016-09-08T15:30:19","date_gmt":"2016-09-08T19:30:19","guid":{"rendered":"https:\/\/mspontocom.com.br\/site\/?p=113804"},"modified":"2016-09-08T14:10:10","modified_gmt":"2016-09-08T18:10:10","slug":"criancas-de-c-grande-recebem-educacao-ambiental-no-instituto-arara-azul","status":"publish","type":"post","link":"https:\/\/mspontocom.com.br\/site\/criancas-de-c-grande-recebem-educacao-ambiental-no-instituto-arara-azul\/","title":{"rendered":"Crian\u00e7as de C.Grande recebem educa\u00e7\u00e3o ambiental no Instituto Arara Azul"},"content":{"rendered":"<p style=\"text-align: justify;\"><a href=\"https:\/\/mspontocom.com.br\/site\/wp-content\/uploads\/2016\/09\/arara.jpg\"><img loading=\"lazy\" class=\"alignleft size-full wp-image-113805\" alt=\"arara\" src=\"https:\/\/mspontocom.com.br\/site\/wp-content\/uploads\/2016\/09\/arara.jpg\" width=\"448\" height=\"299\" srcset=\"https:\/\/mspontocom.com.br\/site\/wp-content\/uploads\/2016\/09\/arara.jpg 448w, https:\/\/mspontocom.com.br\/site\/wp-content\/uploads\/2016\/09\/arara-260x173.jpg 260w\" sizes=\"(max-width: 448px) 100vw, 448px\" \/><\/a>De segunda a quarta-feira, o Centro de Sustentabilidade do <strong>Instituto Arara Azul<\/strong> realizar\u00e1 oficinas de <strong>educa\u00e7\u00e3o ambiental<\/strong> com crian\u00e7as de 8 a 10 anos.<\/p>\n<p style=\"text-align: justify;\">Por meio de atividades l\u00fadicas, 100\u00a0<a name=\"m_4508585033444653415_m_-787483470050357\"><\/a>alunos de 3\u00aa a 5\u00aa s\u00e9ries do Col\u00e9gio\u00a0Oswaldo Toginini \u2013<strong> Funlec<\/strong> aprender\u00e3o sobre conserva\u00e7\u00e3o da biodiversidade na natureza, especialmente sobre a prote\u00e7\u00e3o da arara-azul que s\u00edmbolo das a\u00e7\u00f5es do Instituto.<\/p>\n<p style=\"text-align: justify;\"><span style=\"line-height: 1.5em;\">Al\u00e9m de palestra educativa, haver\u00e1 brincadeira com dobradura em formato de aves, concurso de pintura e din\u00e2mica para explora\u00e7\u00e3o dos sentidos &#8211; tato, paladar, audi\u00e7\u00e3o e olfato \u2013 com itens relacionados ao universo das araras.<\/span><\/p>\n<p style=\"text-align: justify;\"><span style=\"line-height: 1.5em;\"> As a\u00e7\u00f5es de educa\u00e7\u00e3o ambiental com escolas s\u00e3o desenvolvidas pelo Instituto Arara Azul h\u00e1 alguns anos.<\/span><\/p>\n","protected":false},"excerpt":{"rendered":"<p>De segunda a quarta-feira, o Centro de Sustentabilidade do Instituto Arara Azul realizar\u00e1 oficinas de educa\u00e7\u00e3o ambiental com crian\u00e7as de 8 a 10 anos. Por meio de atividades l\u00fadicas, 100\u00a0alunos de 3\u00aa a 5\u00aa s\u00e9ries do Col\u00e9gio\u00a0Oswaldo Toginini \u2013 Funlec aprender\u00e3o sobre conserva\u00e7\u00e3o da biodiversidade na natureza, especialmente sobre a prote\u00e7\u00e3o da arara-azul que s\u00edmbolo [&hellip;]<\/p>\n","protected":false},"author":2,"featured_media":113805,"comment_status":"open","ping_status":"open","sticky":false,"template":"","format":"standard","meta":{"_monsterinsights_skip_tracking":false,"_monsterinsights_sitenote_active":false,"_monsterinsights_sitenote_note":"","_monsterinsights_sitenote_category":0},"categories":[4328,76],"tags":[15151,26732,123,3116,104,21850,6587,24307],"aioseo_notices":[],"_links":{"self":[{"href":"https:\/\/mspontocom.com.br\/site\/wp-json\/wp\/v2\/posts\/113804"}],"collection":[{"href":"https:\/\/mspontocom.com.br\/site\/wp-json\/wp\/v2\/posts"}],"about":[{"href":"https:\/\/mspontocom.com.br\/site\/wp-json\/wp\/v2\/types\/post"}],"author":[{"embeddable":true,"href":"https:\/\/mspontocom.com.br\/site\/wp-json\/wp\/v2\/users\/2"}],"replies":[{"embeddable":true,"href":"https:\/\/mspontocom.com.br\/site\/wp-json\/wp\/v2\/comments?post=113804"}],"version-history":[{"count":0,"href":"https:\/\/mspontocom.com.br\/site\/wp-json\/wp\/v2\/posts\/113804\/revisions"}],"wp:featuredmedia":[{"embeddable":true,"href":"https:\/\/mspontocom.com.br\/site\/wp-json\/wp\/v2\/media\/113805"}],"wp:attachment":[{"href":"https:\/\/mspontocom.com.br\/site\/wp-json\/wp\/v2\/media?parent=113804"}],"wp:term":[{"taxonomy":"category","embeddable":true,"href":"https:\/\/mspontocom.com.br\/site\/wp-json\/wp\/v2\/categories?post=113804"},{"taxonomy":"post_tag","embeddable":true,"href":"https:\/\/mspontocom.com.br\/site\/wp-json\/wp\/v2\/tags?post=113804"}],"curies":[{"name":"wp","href":"https:\/\/api.w.org\/{rel}","templated":true}]}}