{"id":113837,"date":"2016-09-09T13:28:17","date_gmt":"2016-09-09T17:28:17","guid":{"rendered":"https:\/\/mspontocom.com.br\/site\/?p=113837"},"modified":"2016-09-09T13:28:17","modified_gmt":"2016-09-09T17:28:17","slug":"temer-demite-ministro-da-agu-e-nomeia-grace-mendonca","status":"publish","type":"post","link":"https:\/\/mspontocom.com.br\/site\/temer-demite-ministro-da-agu-e-nomeia-grace-mendonca\/","title":{"rendered":"Temer demite ministro da AGU e nomeia Grace Mendon\u00e7a"},"content":{"rendered":"<p style=\"text-align: justify;\"><strong><a href=\"https:\/\/mspontocom.com.br\/site\/wp-content\/uploads\/2016\/09\/agu.jpg\"><img loading=\"lazy\" class=\"alignleft size-full wp-image-113838\" alt=\"agu\" src=\"https:\/\/mspontocom.com.br\/site\/wp-content\/uploads\/2016\/09\/agu.jpg\" width=\"700\" height=\"595\" srcset=\"https:\/\/mspontocom.com.br\/site\/wp-content\/uploads\/2016\/09\/agu.jpg 700w, https:\/\/mspontocom.com.br\/site\/wp-content\/uploads\/2016\/09\/agu-260x221.jpg 260w\" sizes=\"(max-width: 700px) 100vw, 700px\" \/><\/a>Grace Maria Fernandes Mendon\u00e7a<\/strong> ser\u00e1 a nova chefe da Advocacia Geral da Uni\u00e3o <strong>(AGU)<\/strong>, em substitui\u00e7\u00e3o a F\u00e1bio Os\u00f3rio Medina, demitido pelo presidente Michel Temer nesta sexta-feira (9).<\/p>\n<p style=\"text-align: justify;\">Grace Maria chefiava a secretaria de Contencioso da AGU desde 2013.<\/p>\n<p style=\"text-align: justify;\">\u00a0Encarregado por Temer da miss\u00e3o de pedir que Os\u00f3rio apresentasse seu pedido de exonera\u00e7\u00e3o, o ministro Eliseu Padilha (Casa Civil) acabou protagonizando um bate-boca com o ex-ministro, que disse s\u00f3 aceitar ser demitido pelo presidente da Rep\u00fablica, que o nomeou.<\/p>\n<p style=\"text-align: justify;\">Padilha foi quem indicou Medina para a pasta, mas estaria insatisfeito com uma sucess\u00e3o de a\u00e7\u00f5es equivocadas, a come\u00e7ar pela trapalhada que resultou na devolu\u00e7\u00e3o do cargo de presidente da estatal EBC ao petista que Dilma Rousseff havia nomeado no dia anterior ao seu afastamento.<\/p>\n<p>&nbsp;<\/p>\n","protected":false},"excerpt":{"rendered":"<p>Grace Maria Fernandes Mendon\u00e7a ser\u00e1 a nova chefe da Advocacia Geral da Uni\u00e3o (AGU), em substitui\u00e7\u00e3o a F\u00e1bio Os\u00f3rio Medina, demitido pelo presidente Michel Temer nesta sexta-feira (9). Grace Maria chefiava a secretaria de Contencioso da AGU desde 2013. \u00a0Encarregado por Temer da miss\u00e3o de pedir que Os\u00f3rio apresentasse seu pedido de exonera\u00e7\u00e3o, o ministro [&hellip;]<\/p>\n","protected":false},"author":2,"featured_media":113838,"comment_status":"open","ping_status":"open","sticky":false,"template":"","format":"standard","meta":{"_monsterinsights_skip_tracking":false,"_monsterinsights_sitenote_active":false,"_monsterinsights_sitenote_note":"","_monsterinsights_sitenote_category":0},"categories":[6,2528,12],"tags":[6085,24527,27288,259,6587,27287,154,155],"aioseo_notices":[],"_links":{"self":[{"href":"https:\/\/mspontocom.com.br\/site\/wp-json\/wp\/v2\/posts\/113837"}],"collection":[{"href":"https:\/\/mspontocom.com.br\/site\/wp-json\/wp\/v2\/posts"}],"about":[{"href":"https:\/\/mspontocom.com.br\/site\/wp-json\/wp\/v2\/types\/post"}],"author":[{"embeddable":true,"href":"https:\/\/mspontocom.com.br\/site\/wp-json\/wp\/v2\/users\/2"}],"replies":[{"embeddable":true,"href":"https:\/\/mspontocom.com.br\/site\/wp-json\/wp\/v2\/comments?post=113837"}],"version-history":[{"count":0,"href":"https:\/\/mspontocom.com.br\/site\/wp-json\/wp\/v2\/posts\/113837\/revisions"}],"wp:featuredmedia":[{"embeddable":true,"href":"https:\/\/mspontocom.com.br\/site\/wp-json\/wp\/v2\/media\/113838"}],"wp:attachment":[{"href":"https:\/\/mspontocom.com.br\/site\/wp-json\/wp\/v2\/media?parent=113837"}],"wp:term":[{"taxonomy":"category","embeddable":true,"href":"https:\/\/mspontocom.com.br\/site\/wp-json\/wp\/v2\/categories?post=113837"},{"taxonomy":"post_tag","embeddable":true,"href":"https:\/\/mspontocom.com.br\/site\/wp-json\/wp\/v2\/tags?post=113837"}],"curies":[{"name":"wp","href":"https:\/\/api.w.org\/{rel}","templated":true}]}}