{"id":113849,"date":"2016-09-10T07:36:34","date_gmt":"2016-09-10T11:36:34","guid":{"rendered":"https:\/\/mspontocom.com.br\/site\/?p=113849"},"modified":"2016-09-10T07:36:35","modified_gmt":"2016-09-10T11:36:35","slug":"senado-defende-no-stf-votacao-do-meio-impeachment-de-dilma","status":"publish","type":"post","link":"https:\/\/mspontocom.com.br\/site\/senado-defende-no-stf-votacao-do-meio-impeachment-de-dilma\/","title":{"rendered":"Senado defende no STF vota\u00e7\u00e3o do &#8220;meio-impeachment&#8221; de Dilma"},"content":{"rendered":"<p style=\"text-align: justify;\"><a href=\"https:\/\/mspontocom.com.br\/site\/wp-content\/uploads\/2016\/09\/dilma-renan.jpg\"><img loading=\"lazy\" class=\"alignleft size-full wp-image-113850\" alt=\"dilma-renan\" src=\"https:\/\/mspontocom.com.br\/site\/wp-content\/uploads\/2016\/09\/dilma-renan.jpg\" width=\"699\" height=\"420\" srcset=\"https:\/\/mspontocom.com.br\/site\/wp-content\/uploads\/2016\/09\/dilma-renan.jpg 699w, https:\/\/mspontocom.com.br\/site\/wp-content\/uploads\/2016\/09\/dilma-renan-260x156.jpg 260w\" sizes=\"(max-width: 699px) 100vw, 699px\" \/><\/a>O Senado defendeu nesta sexta-feira (9), no STF, \u00a0a validade da vota\u00e7\u00e3o fatiada do<strong> impeachment<\/strong> da ex-presidenta <strong>Dilma Rousseff<\/strong>, tamb\u00e9m conhecida como <strong>meio-impeachment.<\/strong><\/p>\n<p style=\"text-align: justify;\">A manifesta\u00e7\u00e3o foi enviada nas a\u00e7\u00f5es em que partidos pediram que a Corte anule a vota\u00e7\u00e3o que garantiu \u00e0 ex-presidenta manter a habilita\u00e7\u00e3o para exercer cargos p\u00fablicos.<\/p>\n<p style=\"text-align: justify;\">De acordo com a manifesta\u00e7\u00e3o da Advocacia do Senado, o precedente utilizado no julgamento do impedimento do ex-presidente Collor garante a legalidade das duas etapas da vota\u00e7\u00e3o, uma para decidir sobre o impeachment e outra sobre a habilita\u00e7\u00e3o.<\/p>\n<p style=\"text-align: justify;\"><strong>\u201cComo visto, h\u00e1 expressa previs\u00e3o legal de duas vota\u00e7\u00f5es: uma quanto \u00e0 ocorr\u00eancia do crime e \u00e0 pena de perda de cargo; e outra em rela\u00e7\u00e3o \u00e0 inabilita\u00e7\u00e3o; o que tamb\u00e9m corroborava o pedido de destaque e inviabilizava o seu indeferimento pelo Presidente do processo de impeachment\u201d<\/strong>, sustenta o Senado.<\/p>\n<p style=\"text-align: justify;\">Ap\u00f3s o julgamento do impeachment, PSDB, DEM, PPS e PMDB e Solidariedade, al\u00e9m dos senadores \u00c1lvaro Dias (PV-PR) e Jos\u00e9 Medeiros (PSD-MT) recorreram ao STF.<\/p>\n<p style=\"text-align: justify;\">As a\u00e7\u00f5es s\u00e3o relatadas pela ministra Rosa Weber e n\u00e3o t\u00eam data para julgamento.<\/p>\n<p style=\"text-align: justify;\">\n","protected":false},"excerpt":{"rendered":"<p>O Senado defendeu nesta sexta-feira (9), no STF, \u00a0a validade da vota\u00e7\u00e3o fatiada do impeachment da ex-presidenta Dilma Rousseff, tamb\u00e9m conhecida como meio-impeachment. A manifesta\u00e7\u00e3o foi enviada nas a\u00e7\u00f5es em que partidos pediram que a Corte anule a vota\u00e7\u00e3o que garantiu \u00e0 ex-presidenta manter a habilita\u00e7\u00e3o para exercer cargos p\u00fablicos. De acordo com a manifesta\u00e7\u00e3o [&hellip;]<\/p>\n","protected":false},"author":2,"featured_media":113850,"comment_status":"open","ping_status":"open","sticky":false,"template":"","format":"standard","meta":{"_monsterinsights_skip_tracking":false,"_monsterinsights_sitenote_active":false,"_monsterinsights_sitenote_note":"","_monsterinsights_sitenote_category":0},"categories":[6,2528,12],"tags":[27292,30254,24612,1978,27291,6587,154,914,3014,7561],"aioseo_notices":[],"_links":{"self":[{"href":"https:\/\/mspontocom.com.br\/site\/wp-json\/wp\/v2\/posts\/113849"}],"collection":[{"href":"https:\/\/mspontocom.com.br\/site\/wp-json\/wp\/v2\/posts"}],"about":[{"href":"https:\/\/mspontocom.com.br\/site\/wp-json\/wp\/v2\/types\/post"}],"author":[{"embeddable":true,"href":"https:\/\/mspontocom.com.br\/site\/wp-json\/wp\/v2\/users\/2"}],"replies":[{"embeddable":true,"href":"https:\/\/mspontocom.com.br\/site\/wp-json\/wp\/v2\/comments?post=113849"}],"version-history":[{"count":0,"href":"https:\/\/mspontocom.com.br\/site\/wp-json\/wp\/v2\/posts\/113849\/revisions"}],"wp:featuredmedia":[{"embeddable":true,"href":"https:\/\/mspontocom.com.br\/site\/wp-json\/wp\/v2\/media\/113850"}],"wp:attachment":[{"href":"https:\/\/mspontocom.com.br\/site\/wp-json\/wp\/v2\/media?parent=113849"}],"wp:term":[{"taxonomy":"category","embeddable":true,"href":"https:\/\/mspontocom.com.br\/site\/wp-json\/wp\/v2\/categories?post=113849"},{"taxonomy":"post_tag","embeddable":true,"href":"https:\/\/mspontocom.com.br\/site\/wp-json\/wp\/v2\/tags?post=113849"}],"curies":[{"name":"wp","href":"https:\/\/api.w.org\/{rel}","templated":true}]}}