{"id":114909,"date":"2016-10-11T07:06:39","date_gmt":"2016-10-11T11:06:39","guid":{"rendered":"https:\/\/mspontocom.com.br\/site\/?p=114909"},"modified":"2016-10-11T07:06:39","modified_gmt":"2016-10-11T11:06:39","slug":"camara-aprova-limite-de-gastos-da-uniao-veja-como-votou-seu-deputado","status":"publish","type":"post","link":"https:\/\/mspontocom.com.br\/site\/camara-aprova-limite-de-gastos-da-uniao-veja-como-votou-seu-deputado\/","title":{"rendered":"C\u00e2mara aprova limite de gastos da Uni\u00e3o. Veja como votou seu deputado!"},"content":{"rendered":"<p><strong><a href=\"https:\/\/mspontocom.com.br\/site\/wp-content\/uploads\/2016\/10\/pec1.jpg\"><img loading=\"lazy\" class=\"alignleft size-medium wp-image-114910\" alt=\"pec1\" src=\"https:\/\/mspontocom.com.br\/site\/wp-content\/uploads\/2016\/10\/pec1-260x173.jpg\" width=\"260\" height=\"173\" srcset=\"https:\/\/mspontocom.com.br\/site\/wp-content\/uploads\/2016\/10\/pec1-260x173.jpg 260w, https:\/\/mspontocom.com.br\/site\/wp-content\/uploads\/2016\/10\/pec1.jpg 450w\" sizes=\"(max-width: 260px) 100vw, 260px\" \/><\/a>A C\u00e2mara Federal aprovou a PEC 241, \u00a0proposta que limita gastos da Uni\u00e3o por 20 anos<\/strong><\/p>\n<p style=\"text-align: justify;\">O placar de 366 x 111 de votos a favor foi comemorado pelo presidente Michel Temer, que ligou para o presidente da C\u00e2mara, Rodrigo Maia (DEM-RJ), e para o relator da mat\u00e9ria, Darc\u00edsio Perondi (PMDB-RS), para agradecer pelo resultado:<\/p>\n<p><strong>Veja como votou cada deputado<\/strong><\/p>\n<p><strong>DEM<\/strong><\/p>\n<p>Abel Mesquita Jr. RR Sim<br \/>\nAlberto Fraga DF Sim<br \/>\nAlexandre Leite SP Sim<br \/>\nCarlos Melles MG Sim<br \/>\nClaudio Cajado BA Sim<br \/>\nEfraim Filho PB Sim<br \/>\nEli Corr\u00eaa Filho SP Sim<br \/>\nFelipe Maia RN Sim<br \/>\nH\u00e9lio Leite PA Sim<br \/>\nJorge Tadeu Mudalen SP Sim<br \/>\nJos\u00e9 Carlos Aleluia BA Sim<br \/>\nMarcelo Aguiar SP Sim<br \/>\nMisael Varella MG Sim<br \/>\nMission\u00e1rio Jos\u00e9 Olimpio SP Sim<br \/>\nOnyx Lorenzoni RS Sim<br \/>\nPauderney Avelino AM Sim<br \/>\nProfessora Dorinha Seabra Rezende TO Sim<br \/>\nRodrigo Maia RJ Art. 17<br \/>\nS\u00f3stenes Cavalcante RJ Sim<br \/>\n<strong>Total DEM: 19<\/strong><\/p>\n<p>&nbsp;<\/p>\n<p><strong>PCdoB<\/strong><\/p>\n<p>Alice Portugal BA Obstru\u00e7\u00e3o<br \/>\nAngela Albino SC Obstru\u00e7\u00e3o<br \/>\nChico Lopes CE Obstru\u00e7\u00e3o<br \/>\nJandira Feghali RJ Obstru\u00e7\u00e3o<br \/>\nJ\u00f4 Moraes MG Obstru\u00e7\u00e3o<br \/>\nOrlando Silva SP Obstru\u00e7\u00e3o<br \/>\nProfessora Marcivania AP Obstru\u00e7\u00e3o<br \/>\n<strong>Total PCdoB: 7<\/strong><\/p>\n<p>&nbsp;<\/p>\n<p><strong>PDT<\/strong><\/p>\n<p>Afonso Motta RS Obstru\u00e7\u00e3o<br \/>\nAndr\u00e9 Figueiredo CE Obstru\u00e7\u00e3o<br \/>\nCarlos Eduardo Cadoca PE Sim<br \/>\nDagoberto MS Obstru\u00e7\u00e3o<br \/>\nHissa Abrah\u00e3o AM Sim<br \/>\nLe\u00f4nidas Cristino CE Obstru\u00e7\u00e3o<br \/>\nM\u00e1rio Heringer MG Sim<br \/>\nRonaldo Lessa AL Obstru\u00e7\u00e3o<br \/>\nSubtenente Gonzaga MG Obstru\u00e7\u00e3o<br \/>\nWolney Queiroz PE Obstru\u00e7\u00e3o<br \/>\n<strong>Total PDT: 10<\/strong><\/p>\n<p>&nbsp;<\/p>\n<p><strong>PEN<\/strong><br \/>\nErivelton Santana BA Sim<br \/>\nJunior Marreca MA Sim<br \/>\nWalney Rocha RJ N\u00e3o<br \/>\n<strong>Total PEN: 3<\/strong><\/p>\n<p>&nbsp;<\/p>\n<p><strong>PMB<\/strong><\/p>\n<p>Pastor Luciano Braga BA Sim<br \/>\nWeliton Prado MG N\u00e3o<br \/>\n<strong>Total PMB: 2<\/strong><\/p>\n<p>&nbsp;<\/p>\n<p><strong>PMDB<\/strong><\/p>\n<p>Alberto Filho MA Sim<br \/>\nAlceu Moreira RS Sim<br \/>\nAlexandre Serfiotis RJ Sim<br \/>\nAndr\u00e9 Amaral PB Sim<br \/>\nAn\u00edbal Gomes CE Sim<br \/>\nBaleia Rossi SP Sim<br \/>\nCabu\u00e7u Borges AP Sim<br \/>\nCarlos Bezerra MT Sim<br \/>\nCarlos Marun MS Sim<br \/>\nCelso Jacob RJ Sim<br \/>\nCelso Maldaner SC Sim<br \/>\nDaniel Vilela GO Sim<br \/>\nDarc\u00edsio Perondi RS Sim<br \/>\nEdinho Ara\u00fajo SP Sim<br \/>\nEdinho Bez SC Sim<br \/>\nElcione Barbalho PA Sim<br \/>\nF\u00e1bio Ramalho MG Sim<br \/>\nFernando Jord\u00e3o RJ Sim<br \/>\nFlaviano Melo AC Sim<br \/>\nHermes Parcianello PR Sim<br \/>\nHildo Rocha MA Sim<br \/>\nHugo Motta PB Sim<br \/>\nJarbas Vasconcelos PE Sim<br \/>\nJ\u00e9ssica Sales AC Sim<br \/>\nJo\u00e3o Arruda PR Sim<br \/>\nJo\u00e3o Marcelo Souza MA Sim<br \/>\nJos\u00e9 Foga\u00e7a RS Sim<br \/>\nJos\u00e9 Priante PA Sim<br \/>\nJosi Nunes TO Sim<br \/>\nKaio Mani\u00e7oba PE Sim<br \/>\nLelo Coimbra ES Sim<br \/>\nLeonardo Quint\u00e3o MG Sim<br \/>\nLucio Mosquini RO Sim<br \/>\nLucio Vieira Lima BA Sim<br \/>\nManoel Junior PB Sim<br \/>\nMarcos Rotta AM Sim<br \/>\nMarx Beltr\u00e3o AL Sim<br \/>\nMauro Lopes MG Sim<br \/>\nMauro Mariani SC Sim<br \/>\nMauro Pereira RS Sim<br \/>\nMoses Rodrigues CE Sim<br \/>\nNewton Cardoso Jr MG Sim<br \/>\nOsmar Serraglio PR Sim<br \/>\nRodrigo Pacheco MG Sim<br \/>\nRog\u00e9rio Peninha Mendon\u00e7a SC Sim<br \/>\nRonaldo Benedet SC Sim<br \/>\nSaraiva Felipe MG Sim<br \/>\nSergio Souza PR Sim<br \/>\nSimone Morgado PA Sim<br \/>\nSoraya Santos RJ Sim<br \/>\nValdir Colatto SC Sim<br \/>\nValtenir Pereira MT Sim<br \/>\nWalter Alves RN Sim<br \/>\nWashington Reis RJ Sim<br \/>\n<strong>Total PMDB: 54<\/strong><\/p>\n<p><strong>PP<\/strong><\/p>\n<p>Adail Carneiro CE Sim<br \/>\nAfonso Hamm RS Sim<br \/>\nAndr\u00e9 Abdon AP Sim<br \/>\nArthur Lira AL Sim<br \/>\nBeto Salame PA Sim<br \/>\nCac\u00e1 Le\u00e3o BA Sim<br \/>\nConcei\u00e7\u00e3o Sampaio AM Sim<br \/>\nCovatti Filho RS Sim<br \/>\nEduardo da Fonte PE Sim<br \/>\nEsperidi\u00e3o Amin SC Sim<br \/>\nEzequiel Fonseca MT Sim<br \/>\nFausto Pinato SP Sim<br \/>\nFernando Monteiro PE Sim<br \/>\nFranklin Lima MG Sim<br \/>\nHiran Gon\u00e7alves RR Sim<br \/>\nIracema Portella PI Sim<br \/>\nJer\u00f4nimo Goergen RS Sim<br \/>\nJos\u00e9 Ot\u00e1vio Germano RS Sim<br \/>\nJulio Lopes RJ Sim<br \/>\nL\u00e1zaro Botelho TO Sim<br \/>\nLuiz Fernando Faria MG Sim<br \/>\nMacedo CE Sim<br \/>\nMarcelo Belinati PR Sim<br \/>\nMarcus Vicente ES Sim<br \/>\nM\u00e1rio Negromonte Jr. BA Sim<br \/>\nNelson Meurer PR Sim<br \/>\nOdelmo Le\u00e3o MG Sim<br \/>\nPaulo Maluf SP Sim<br \/>\nRenato Molling RS Sim<br \/>\nRicardo Izar SP Sim<br \/>\nRoberto Balestra GO Sim<br \/>\nRoberto Britto BA Sim<br \/>\nRonaldo Carletto BA Sim<br \/>\nR\u00f4ney Nemer DF Sim<br \/>\nSim\u00e3o Sessim RJ Sim<br \/>\nToninho Pinheiro MG Sim<br \/>\n<strong>Total PP: 36<\/strong><\/p>\n<p>&nbsp;<\/p>\n<p><strong>PPS<\/strong><\/p>\n<p>Arnaldo Jordy PA Sim<br \/>\nArthur Oliveira Maia BA Sim<br \/>\nCarmen Zanotto SC Sim<br \/>\nEliziane Gama MA Sim<br \/>\nMarcos Abr\u00e3o GO Sim<br \/>\nRoberto Freire SP Sim<br \/>\nRubens Bueno PR Sim<br \/>\n<strong>Total PPS: 7<\/strong><\/p>\n<p>&nbsp;<\/p>\n<p><strong>PR<\/strong><\/p>\n<p>Adelson Barreto SE Sim<br \/>\nAelton Freitas MG Sim<br \/>\nAlexandre Valle RJ Sim<br \/>\nAlfredo Nascimento AM Sim<br \/>\nBilac Pinto MG Sim<br \/>\nBrunny MG Sim<br \/>\nCabo Sabino CE Sim<br \/>\nCajar Nardes RS Sim<br \/>\nCapit\u00e3o Augusto SP Sim<br \/>\nClarissa Garotinho RJ N\u00e3o<br \/>\nDavi Alves Silva J\u00fanior MA Sim<br \/>\nDelegado Edson Moreira MG Sim<br \/>\nGiacobo PR Sim<br \/>\nGorete Pereira CE Sim<br \/>\nJo\u00e3o Carlos Bacelar BA Sim<br \/>\nJos\u00e9 Carlos Ara\u00fajo BA Sim<br \/>\nJos\u00e9 Rocha BA Sim<br \/>\nLaerte Bessa DF Sim<br \/>\nL\u00facio Vale PA Sim<br \/>\nLuiz Cl\u00e1udio RO Sim<br \/>\nLuiz Nishimori PR Sim<br \/>\nMagda Mofatto GO Sim<br \/>\nMarcelo \u00c1lvaro Ant\u00f4nio MG Sim<br \/>\nMarcio Alvino SP Sim<br \/>\nMilton Monti SP Sim<br \/>\nPaulo Feij\u00f3 RJ Sim<br \/>\nPaulo Freire SP Sim<br \/>\nTiririca SP Sim<br \/>\nVicentinho J\u00fanior TO Sim<br \/>\nZenaide Maia RN N\u00e3o<br \/>\n<strong>Total PR: 30<\/strong><\/p>\n<p>&nbsp;<\/p>\n<p><strong>PRB<\/strong><\/p>\n<p>Alan Rick AC Sim<br \/>\nAntonio Bulh\u00f5es SP Sim<br \/>\nBeto Mansur SP Sim<br \/>\nCarlos Gomes RS Sim<br \/>\nCelso Russomanno SP Sim<br \/>\nC\u00e9sar Halum TO Sim<br \/>\nCleber Verde MA Sim<br \/>\nJhonatan de Jesus RR Sim<br \/>\nLindomar Gar\u00e7on RO Sim<br \/>\nMarcelo Squassoni SP Sim<br \/>\nM\u00e1rcio Marinho BA Sim<br \/>\nRicardo Bentinho SP Sim<br \/>\nRoberto Alves SP Sim<br \/>\nRoberto Sales RJ Sim<br \/>\nRonaldo Martins CE Sim<br \/>\nRosangela Gomes RJ Sim<br \/>\nVinicius Carvalho SP Sim<br \/>\n<strong>Total PRB: 17<\/strong><\/p>\n<p>&nbsp;<\/p>\n<p><strong>PROS<\/strong><\/p>\n<p>Bosco Costa SE N\u00e3o<br \/>\nEros Biondini MG Sim<br \/>\nFelipe Bornier RJ Sim<br \/>\nRonaldo Fonseca DF Sim<br \/>\n<strong>Total PROS: 4<\/strong><\/p>\n<p>&nbsp;<\/p>\n<p><strong>PRP<\/strong><\/p>\n<p>Nivaldo Albuquerque AL Sim<br \/>\n<strong>Total PRP: 1<\/strong><\/p>\n<p>&nbsp;<\/p>\n<p><strong>PSB<\/strong><\/p>\n<p>\u00c1tila Lira PI Sim<br \/>\nDanilo Forte CE Sim<br \/>\nFernando Coelho Filho PE Sim<br \/>\nFlavinho SP Sim<br \/>\nGonzaga Patriota PE Sim<br \/>\nHeitor Schuch RS Sim<br \/>\nHugo Leal RJ Sim<br \/>\nIldon Marques MA Sim<br \/>\nJanete Capiberibe AP N\u00e3o<br \/>\nJos\u00e9 Reinaldo MA Sim<br \/>\nJose St\u00e9dile RS Sim<br \/>\nJ\u00falio Delgado MG Sim<br \/>\nKeiko Ota SP Sim<br \/>\nLeopoldo Meyer PR Sim<br \/>\nLuciano Ducci PR Sim<br \/>\nRodrigo Martins PI Sim<br \/>\nTenente L\u00facio MG Sim<br \/>\nTereza Cristina MS Sim<br \/>\n<strong>Total PSB: 18<\/strong><\/p>\n<p>&nbsp;<\/p>\n<p><strong>PSC<\/strong><\/p>\n<p>Andre Moura SE Sim<br \/>\nEduardo Bolsonaro SP Sim<br \/>\nGilberto Nascimento SP Sim<br \/>\nJair Bolsonaro RJ Sim<br \/>\nJ\u00falia Marinho PA Sim<br \/>\nPr. Marco Feliciano SP Sim<br \/>\n<strong>Total PSC: 6<\/strong><\/p>\n<p>&nbsp;<\/p>\n<p><strong>PSD<\/strong><\/p>\n<p>Andr\u00e9 de Paula PE Sim<br \/>\nAntonio Brito BA Sim<br \/>\n\u00c1tila Lins AM Sim<br \/>\nDanrlei de Deus Hinterholz RS Sim<br \/>\nDiego Andrade MG Sim<br \/>\nEdmar Arruda PR Sim<br \/>\nEvandro Roman PR Sim<br \/>\nExpedito Netto RO N\u00e3o<br \/>\nFernando Torres BA Sim<br \/>\nGoulart SP Sim<br \/>\nHerculano Passos SP Sim<br \/>\nIndio da Costa RJ Sim<br \/>\nIraj\u00e1 Abreu TO Sim<br \/>\nJaime Martins MG Sim<br \/>\nJefferson Campos SP Sim<br \/>\nJo\u00e3o Rodrigues SC Sim<br \/>\nJoaquim Passarinho PA Sim<br \/>\nJos\u00e9 Nunes BA Sim<br \/>\nJ\u00falio Cesar PI Sim<br \/>\nMarcos Montes MG Sim<br \/>\nMarcos Reategui AP Sim<br \/>\nPaulo Magalh\u00e3es BA Sim<br \/>\nRaquel Muniz MG Sim<br \/>\nR\u00f4mulo Gouveia PB Sim<br \/>\nSandro Alex PR Sim<br \/>\nS\u00e9rgio Brito BA Sim<br \/>\nStefano Aguiar MG Sim<br \/>\nTampinha MT Sim<br \/>\nThiago Peixoto GO Sim<br \/>\nVictor Mendes MA Sim<br \/>\n<strong>Total PSD: 30<\/strong><\/p>\n<p>&nbsp;<\/p>\n<p><strong>PSDB<\/strong><\/p>\n<p>Betinho Gomes PE Sim<br \/>\nBonif\u00e1cio de Andrada MG Sim<br \/>\nBruno Ara\u00fajo PE Sim<br \/>\nCaio Narcio MG Sim<br \/>\nCarlos Sampaio SP Sim<br \/>\nC\u00e9lio Silveira GO Sim<br \/>\nDaniel Coelho PE Sim<br \/>\nDomingos S\u00e1vio MG Sim<br \/>\nDuarte Nogueira SP Sim<br \/>\nEduardo Barbosa MG Sim<br \/>\nEduardo Cury SP Sim<br \/>\nElizeu Dionizio MS Sim<br \/>\nF\u00e1bio Sousa GO Sim<br \/>\nGeovania de S\u00e1 SC Sim<br \/>\nGeraldo Resende MS Sim<br \/>\nGiuseppe Vecci GO Sim<br \/>\nIzalci DF Sim<br \/>\nJo\u00e3o Castelo MA Sim<br \/>\nJo\u00e3o Paulo Papa SP Sim<br \/>\nJutahy Junior BA Sim<br \/>\nLobbe Neto SP Sim<br \/>\nLuiz Carlos Hauly PR Sim<br \/>\nMara Gabrilli SP Sim<br \/>\nMarco Tebaldi SC Sim<br \/>\nMarcus Pestana MG Sim<br \/>\nMariana Carvalho RO Sim<br \/>\nMiguel Haddad SP Sim<br \/>\nNelson Marchezan Junior RS Sim<br \/>\nNilson Leit\u00e3o MT Sim<br \/>\nNilson Pinto PA Sim<br \/>\nOtavio Leite RJ Sim<br \/>\nPaulo Abi-Ackel MG Sim<br \/>\nPaulo Martins PR Sim<br \/>\nPedro Cunha Lima PB Sim<br \/>\nPedro Vilela AL Sim<br \/>\nRaimundo Gomes de Matos CE Sim<br \/>\nRocha AC Sim<br \/>\nRodrigo de Castro MG Sim<br \/>\nRog\u00e9rio Marinho RN Sim<br \/>\nSh\u00e9ridan RR Sim<br \/>\nSilvio Torres SP Sim<br \/>\nVanderlei Macris SP Sim<br \/>\nVitor Lippi SP Sim<br \/>\n<strong>Total PSDB: 43<\/strong><\/p>\n<p><strong>PSL<\/strong><\/p>\n<p>D\u00e2mina Pereira MG Sim<br \/>\n<strong>Total PSL: 1<\/strong><\/p>\n<p>&nbsp;<\/p>\n<p><strong>PSOL<\/strong><\/p>\n<p>Chico Alencar RJ Obstru\u00e7\u00e3o<br \/>\nGlauber Braga RJ Obstru\u00e7\u00e3o<br \/>\nIvan Valente SP Obstru\u00e7\u00e3o<br \/>\nJean Wyllys RJ Obstru\u00e7\u00e3o<br \/>\n<strong>Total PSOL: 4<\/strong><\/p>\n<p>&nbsp;<\/p>\n<p><strong>PT<\/strong><\/p>\n<p>Adelmo Carneiro Le\u00e3o MG Obstru\u00e7\u00e3o<br \/>\nAna Perugini SP Obstru\u00e7\u00e3o<br \/>\nAngelim AC Obstru\u00e7\u00e3o<br \/>\nArlindo Chinaglia SP Obstru\u00e7\u00e3o<br \/>\nAssis Carvalho PI Obstru\u00e7\u00e3o<br \/>\nBenedita da Silva RJ Obstru\u00e7\u00e3o<br \/>\nBeto Faro PA Obstru\u00e7\u00e3o<br \/>\nBohn Gass RS Obstru\u00e7\u00e3o<br \/>\nCaetano BA Obstru\u00e7\u00e3o<br \/>\nCarlos Zarattini SP Obstru\u00e7\u00e3o<br \/>\nChico D Angelo RJ Obstru\u00e7\u00e3o<br \/>\nD\u00e9cio Lima SC Obstru\u00e7\u00e3o<br \/>\nEnio Verri PR Obstru\u00e7\u00e3o<br \/>\nErika Kokay DF Obstru\u00e7\u00e3o<br \/>\nFabiano Horta RJ Obstru\u00e7\u00e3o<br \/>\nHenrique Fontana RS Obstru\u00e7\u00e3o<br \/>\nJo\u00e3o Daniel SE Obstru\u00e7\u00e3o<br \/>\nJorge Solla BA Obstru\u00e7\u00e3o<br \/>\nJos\u00e9 Guimar\u00e3es CE Obstru\u00e7\u00e3o<br \/>\nJos\u00e9 Mentor SP Obstru\u00e7\u00e3o<br \/>\nLeo de Brito AC Obstru\u00e7\u00e3o<br \/>\nLeonardo Monteiro MG Obstru\u00e7\u00e3o<br \/>\nLuiz Couto PB Obstru\u00e7\u00e3o<br \/>\nLuiz S\u00e9rgio RJ Obstru\u00e7\u00e3o<br \/>\nLuizianne Lins CE Obstru\u00e7\u00e3o<br \/>\nMarco Maia RS Obstru\u00e7\u00e3o<br \/>\nMoema Gramacho BA Obstru\u00e7\u00e3o<br \/>\nNilto Tatto SP Obstru\u00e7\u00e3o<br \/>\nPatrus Ananias MG Obstru\u00e7\u00e3o<br \/>\nPaul\u00e3o AL Obstru\u00e7\u00e3o<br \/>\nPaulo Teixeira SP Obstru\u00e7\u00e3o<br \/>\nPedro Uczai SC Obstru\u00e7\u00e3o<br \/>\nPepe Vargas RS Obstru\u00e7\u00e3o<br \/>\nReginaldo Lopes MG Obstru\u00e7\u00e3o<br \/>\nRubens Otoni GO Obstru\u00e7\u00e3o<br \/>\nS\u00e1guas Moraes MT Obstru\u00e7\u00e3o<br \/>\nValmir Assun\u00e7\u00e3o BA Obstru\u00e7\u00e3o<br \/>\nValmir Prascidelli SP Obstru\u00e7\u00e3o<br \/>\nVander Loubet MS Obstru\u00e7\u00e3o<br \/>\nVicentinho SP Obstru\u00e7\u00e3o<br \/>\nWaldenor Pereira BA Obstru\u00e7\u00e3o<br \/>\nZ\u00e9 Carlos MA Obstru\u00e7\u00e3o<br \/>\nZ\u00e9 Geraldo PA Obstru\u00e7\u00e3o<br \/>\nZeca do Pt MS Obstru\u00e7\u00e3o<br \/>\n<strong>Total PT: 44<\/strong><\/p>\n<p>&nbsp;<\/p>\n<p><strong>PTB<\/strong><\/p>\n<p>Adalberto Cavalcanti PE Sim<br \/>\nArnaldo Faria de S\u00e1 SP N\u00e3o<br \/>\nBenito Gama BA Sim<br \/>\nDeley RJ Sim<br \/>\nJorge C\u00f4rte Real PE Sim<br \/>\nJosu\u00e9 Bengtson PA Sim<br \/>\nJovair Arantes GO Sim<br \/>\nNelson Marquezelli SP Sim<br \/>\nNilton Capixaba RO Sim<br \/>\nPaes Landim PI Sim<br \/>\nPedro Fernandes MA Sim<br \/>\nS\u00e9rgio Moraes RS Sim<br \/>\nWilson Filho PB Sim<br \/>\nZeca Cavalcanti PE Sim<br \/>\n<strong>Total PTB: 14<\/strong><\/p>\n<p>&nbsp;<\/p>\n<p><strong>PTdoB<\/strong><\/p>\n<p>Cabo Daciolo RJ N\u00e3o<br \/>\nLuis Tib\u00e9 MG Sim<br \/>\nSilvio Costa PE Sim<br \/>\n<strong>Total PTdoB: 3<\/strong><\/p>\n<p>&nbsp;<\/p>\n<p><strong>PTN<\/strong><\/p>\n<p>Ademir Camilo MG Sim<br \/>\nAlexandre Baldy GO Sim<br \/>\nAnt\u00f4nio J\u00e1come RN Sim<br \/>\nCarlos Henrique Gaguim TO Sim<br \/>\nDr. Sinval Malheiros SP Sim<br \/>\nFrancisco Chapadinha PA Sim<br \/>\nJozi Ara\u00fajo AP Sim<br \/>\nLuiz Carlos Ramos RJ Sim<br \/>\nRenata Abreu SP Sim<br \/>\nRicardo Teobaldo PE Sim<br \/>\n<strong>Total PTN: 10<\/strong><\/p>\n<p>&nbsp;<\/p>\n<p><strong>PV<\/strong><\/p>\n<p>Antonio Carlos Mendes Thame SP Sim<br \/>\nEvair Vieira de Melo ES Sim<br \/>\nEvandro Gussi SP Sim<br \/>\nLeandre PR N\u00e3o<br \/>\nRoberto de Lucena SP Sim<br \/>\nUldurico Junior BA Sim<br \/>\n<strong>Total PV: 6<\/strong><\/p>\n<p>&nbsp;<\/p>\n<p><strong>Rede<\/strong><\/p>\n<p>Miro Teixeira RJ N\u00e3o<br \/>\n<strong>Total Rede: 1<\/strong><\/p>\n<p>&nbsp;<\/p>\n<p><strong>Solidariede<\/strong><\/p>\n<p>Augusto Carvalho DF Sim<br \/>\nAugusto Coutinho PE Sim<br \/>\nAureo RJ Sim<br \/>\nCarlos Manato ES Sim<br \/>\nLaercio Oliveira SE Sim<br \/>\nLaudivio Carvalho MG Sim<br \/>\nLucas Vergilio GO Sim<br \/>\nMajor Olimpio SP N\u00e3o<br \/>\nPaulo Pereira da Silva SP Sim<br \/>\nWladimir Costa PA Sim<br \/>\nZ\u00e9 Silva MG Sim<br \/>\n<strong>Total Solidariedade: 11<\/strong><\/p>\n","protected":false},"excerpt":{"rendered":"<p>A C\u00e2mara Federal aprovou a PEC 241, \u00a0proposta que limita gastos da Uni\u00e3o por 20 anos O placar de 366 x 111 de votos a favor foi comemorado pelo presidente Michel Temer, que ligou para o presidente da C\u00e2mara, Rodrigo Maia (DEM-RJ), e para o relator da mat\u00e9ria, Darc\u00edsio Perondi (PMDB-RS), para agradecer pelo resultado: [&hellip;]<\/p>\n","protected":false},"author":2,"featured_media":114910,"comment_status":"open","ping_status":"open","sticky":false,"template":"","format":"standard","meta":{"_monsterinsights_skip_tracking":false,"_monsterinsights_sitenote_active":false,"_monsterinsights_sitenote_note":"","_monsterinsights_sitenote_category":0},"categories":[6,15,12],"tags":[24477,30254,3645,147,12719,2807,27632,6587,154,2175,27633],"aioseo_notices":[],"_links":{"self":[{"href":"https:\/\/mspontocom.com.br\/site\/wp-json\/wp\/v2\/posts\/114909"}],"collection":[{"href":"https:\/\/mspontocom.com.br\/site\/wp-json\/wp\/v2\/posts"}],"about":[{"href":"https:\/\/mspontocom.com.br\/site\/wp-json\/wp\/v2\/types\/post"}],"author":[{"embeddable":true,"href":"https:\/\/mspontocom.com.br\/site\/wp-json\/wp\/v2\/users\/2"}],"replies":[{"embeddable":true,"href":"https:\/\/mspontocom.com.br\/site\/wp-json\/wp\/v2\/comments?post=114909"}],"version-history":[{"count":0,"href":"https:\/\/mspontocom.com.br\/site\/wp-json\/wp\/v2\/posts\/114909\/revisions"}],"wp:featuredmedia":[{"embeddable":true,"href":"https:\/\/mspontocom.com.br\/site\/wp-json\/wp\/v2\/media\/114910"}],"wp:attachment":[{"href":"https:\/\/mspontocom.com.br\/site\/wp-json\/wp\/v2\/media?parent=114909"}],"wp:term":[{"taxonomy":"category","embeddable":true,"href":"https:\/\/mspontocom.com.br\/site\/wp-json\/wp\/v2\/categories?post=114909"},{"taxonomy":"post_tag","embeddable":true,"href":"https:\/\/mspontocom.com.br\/site\/wp-json\/wp\/v2\/tags?post=114909"}],"curies":[{"name":"wp","href":"https:\/\/api.w.org\/{rel}","templated":true}]}}