{"id":121973,"date":"2017-06-03T11:49:50","date_gmt":"2017-06-03T15:49:50","guid":{"rendered":"https:\/\/mspontocom.com.br\/site\/?p=121973"},"modified":"2017-06-03T09:54:45","modified_gmt":"2017-06-03T13:54:45","slug":"rota-do-sabor-vai-auxiliar-producao-e-venda-da-agricultura-familiar","status":"publish","type":"post","link":"https:\/\/mspontocom.com.br\/site\/rota-do-sabor-vai-auxiliar-producao-e-venda-da-agricultura-familiar\/","title":{"rendered":"Rota do Sabor vai auxiliar produ\u00e7\u00e3o e venda da agricultura familiar"},"content":{"rendered":"<p style=\"text-align: justify;\"><a href=\"https:\/\/mspontocom.com.br\/site\/wp-content\/uploads\/2017\/06\/rota-do-sabor.jpg\"><img loading=\"lazy\" class=\"alignleft size-full wp-image-121974\" alt=\"rota do sabor\" src=\"https:\/\/mspontocom.com.br\/site\/wp-content\/uploads\/2017\/06\/rota-do-sabor.jpg\" width=\"300\" height=\"200\" \/><\/a>A Prefeitura de Campo Grande, por meio da Secret\u00e1ria Municipal de Desenvolvimento Econ\u00f4mico de Ci\u00eancia e Tecnologia (Sedesc), apresentou nesta sexta-feira (2) o programa <strong>Rota do Sabor<\/strong>, que \u00e9 mais uma oportunidade para a <strong>agricultura familiar,<\/strong> que visa planta\u00e7\u00e3o, log\u00edstica e comercializa\u00e7\u00e3o<\/p>\n<p style=\"text-align: justify;\">O Secret\u00e1rio Municipal de Desenvolvimento Econ\u00f4mico de Ci\u00eancia e Tecnologia, Luiz Fernando Buainain, assinou acordo com o objeto da coopera\u00e7\u00e3o com a Associa\u00e7\u00e3o de Moradores da Ch\u00e1cara das Mans\u00f5es \u2013 Associa\u00e7\u00e3o Comercial e Industrial de Campo Grande \u2013 Uniderp Unidade Agr\u00e1rias), para atender 16 produtores residentes na Ch\u00e1cara das Mans\u00f5es.<\/p>\n<p style=\"text-align: justify;\">&#8220;Com este trabalho n\u00f3s queremos fomentar a agricultura familiar, produzir para atender a merenda escola e atender a popula\u00e7\u00e3o com produtos de boa qualidade. Temos solo favor\u00e1vel, \u00e1gua, luz e m\u00e3o-de-obra. Com a ajuda dos professores e alunos da Uniderp Agr\u00e1rias, vamos produzir o que \u00e9 preciso com qualidade e a quantidade necess\u00e1ria para o mercado consumidor&#8221;, afirmou Buainain.<\/p>\n","protected":false},"excerpt":{"rendered":"<p>A Prefeitura de Campo Grande, por meio da Secret\u00e1ria Municipal de Desenvolvimento Econ\u00f4mico de Ci\u00eancia e Tecnologia (Sedesc), apresentou nesta sexta-feira (2) o programa Rota do Sabor, que \u00e9 mais uma oportunidade para a agricultura familiar, que visa planta\u00e7\u00e3o, log\u00edstica e comercializa\u00e7\u00e3o O Secret\u00e1rio Municipal de Desenvolvimento Econ\u00f4mico de Ci\u00eancia e Tecnologia, Luiz Fernando Buainain, [&hellip;]<\/p>\n","protected":false},"author":2,"featured_media":0,"comment_status":"open","ping_status":"open","sticky":false,"template":"","format":"standard","meta":{"_monsterinsights_skip_tracking":false,"_monsterinsights_sitenote_active":false,"_monsterinsights_sitenote_note":"","_monsterinsights_sitenote_category":0},"categories":[4328,15],"tags":[622,123,147,6587,890,29253,21809],"aioseo_notices":[],"_links":{"self":[{"href":"https:\/\/mspontocom.com.br\/site\/wp-json\/wp\/v2\/posts\/121973"}],"collection":[{"href":"https:\/\/mspontocom.com.br\/site\/wp-json\/wp\/v2\/posts"}],"about":[{"href":"https:\/\/mspontocom.com.br\/site\/wp-json\/wp\/v2\/types\/post"}],"author":[{"embeddable":true,"href":"https:\/\/mspontocom.com.br\/site\/wp-json\/wp\/v2\/users\/2"}],"replies":[{"embeddable":true,"href":"https:\/\/mspontocom.com.br\/site\/wp-json\/wp\/v2\/comments?post=121973"}],"version-history":[{"count":0,"href":"https:\/\/mspontocom.com.br\/site\/wp-json\/wp\/v2\/posts\/121973\/revisions"}],"wp:attachment":[{"href":"https:\/\/mspontocom.com.br\/site\/wp-json\/wp\/v2\/media?parent=121973"}],"wp:term":[{"taxonomy":"category","embeddable":true,"href":"https:\/\/mspontocom.com.br\/site\/wp-json\/wp\/v2\/categories?post=121973"},{"taxonomy":"post_tag","embeddable":true,"href":"https:\/\/mspontocom.com.br\/site\/wp-json\/wp\/v2\/tags?post=121973"}],"curies":[{"name":"wp","href":"https:\/\/api.w.org\/{rel}","templated":true}]}}