{"id":122074,"date":"2017-06-07T17:13:57","date_gmt":"2017-06-07T21:13:57","guid":{"rendered":"https:\/\/mspontocom.com.br\/site\/?p=122074"},"modified":"2017-06-07T09:41:30","modified_gmt":"2017-06-07T13:41:30","slug":"nasa-apresenta-sonda-que-vai-para-o-sol-em-2018","status":"publish","type":"post","link":"https:\/\/mspontocom.com.br\/site\/nasa-apresenta-sonda-que-vai-para-o-sol-em-2018\/","title":{"rendered":"Nasa apresenta sonda que vai para o Sol em 2018"},"content":{"rendered":"<header><a href=\"https:\/\/mspontocom.com.br\/site\/wp-content\/uploads\/2017\/06\/nasa-sol.jpg\"><img loading=\"lazy\" class=\"alignleft size-full wp-image-122075\" alt=\"nasa-sol\" src=\"https:\/\/mspontocom.com.br\/site\/wp-content\/uploads\/2017\/06\/nasa-sol.jpg\" width=\"800\" height=\"563\" \/><\/a>A \u00a0<strong>Nasa<\/strong> est\u00e1 pronta para despachar uma espa\u00e7onave destinada a\u00a0realizar voos rasantes sobre o Sol.<\/header>\n<div itemprop=\"articleBody\">\n<p style=\"text-align: justify;\">A sonda, chamada<strong> Solar Probe Plus<\/strong>, tem lan\u00e7amento marcado para meados de 2018.<\/p>\n<p style=\"text-align: justify;\">Ela ser\u00e1 colocada numa \u00f3rbita bastante alongada em torno do Sol, similar \u00e0 de um cometa de curto per\u00edodo.<\/p>\n<p style=\"text-align: justify;\">No ponto de m\u00e1xima aproxima\u00e7\u00e3o, sua trajet\u00f3ria deve lev\u00e1-la a cerca de 6 milh\u00f5es de quil\u00f4metros da superf\u00edcie de nossa estrela-m\u00e3e.<\/p>\n<p style=\"text-align: justify;\">Os equipamentos da Solar Probe Plus \u2014 uma c\u00e2mera e diversos sensores de part\u00edculas e campos magn\u00e9ticos \u2014 est\u00e3o todos escondidos atr\u00e1s de um avan\u00e7ado escudo t\u00e9rmico feito de materiais compostos de carbono.<\/p>\n<p style=\"text-align: justify;\">Enquanto o lado voltado para o Sol enfrentar\u00e1 uma fritura de cerca de 1.400 graus Celsius, os sistemas eletr\u00f4nicos estar\u00e3o em temperatura ambiente.<\/p>\n<p>O objetivo da miss\u00e3o \u00e9 realizar 24 \u00f3rbitas ao redor do Sol, entre 2018 e 2025<\/p>\n<p>fonte: \u00a0SALVADOR NOGUEIRA, Mensageiro Sideral<\/p>\n<p>&nbsp;<\/p>\n<div>\n<div><iframe loading=\"lazy\" id=\"fitvid0\" src=\"https:\/\/www.youtube.com\/embed\/A1r4qhvNQGk\" height=\"240\" width=\"320\" allowfullscreen=\"\" frameborder=\"0\"><\/iframe><\/div>\n<\/div>\n<p>&nbsp;<\/p>\n<\/div>\n","protected":false},"excerpt":{"rendered":"<p>A \u00a0Nasa est\u00e1 pronta para despachar uma espa\u00e7onave destinada a\u00a0realizar voos rasantes sobre o Sol. A sonda, chamada Solar Probe Plus, tem lan\u00e7amento marcado para meados de 2018. Ela ser\u00e1 colocada numa \u00f3rbita bastante alongada em torno do Sol, similar \u00e0 de um cometa de curto per\u00edodo. No ponto de m\u00e1xima aproxima\u00e7\u00e3o, sua trajet\u00f3ria deve [&hellip;]<\/p>\n","protected":false},"author":2,"featured_media":0,"comment_status":"open","ping_status":"open","sticky":false,"template":"","format":"standard","meta":{"_monsterinsights_skip_tracking":false,"_monsterinsights_sitenote_active":false,"_monsterinsights_sitenote_note":"","_monsterinsights_sitenote_category":0},"categories":[7752],"tags":[4911,18219,6587,1373,7886,29272,2515],"aioseo_notices":[],"_links":{"self":[{"href":"https:\/\/mspontocom.com.br\/site\/wp-json\/wp\/v2\/posts\/122074"}],"collection":[{"href":"https:\/\/mspontocom.com.br\/site\/wp-json\/wp\/v2\/posts"}],"about":[{"href":"https:\/\/mspontocom.com.br\/site\/wp-json\/wp\/v2\/types\/post"}],"author":[{"embeddable":true,"href":"https:\/\/mspontocom.com.br\/site\/wp-json\/wp\/v2\/users\/2"}],"replies":[{"embeddable":true,"href":"https:\/\/mspontocom.com.br\/site\/wp-json\/wp\/v2\/comments?post=122074"}],"version-history":[{"count":0,"href":"https:\/\/mspontocom.com.br\/site\/wp-json\/wp\/v2\/posts\/122074\/revisions"}],"wp:attachment":[{"href":"https:\/\/mspontocom.com.br\/site\/wp-json\/wp\/v2\/media?parent=122074"}],"wp:term":[{"taxonomy":"category","embeddable":true,"href":"https:\/\/mspontocom.com.br\/site\/wp-json\/wp\/v2\/categories?post=122074"},{"taxonomy":"post_tag","embeddable":true,"href":"https:\/\/mspontocom.com.br\/site\/wp-json\/wp\/v2\/tags?post=122074"}],"curies":[{"name":"wp","href":"https:\/\/api.w.org\/{rel}","templated":true}]}}