{"id":122656,"date":"2017-06-27T08:20:49","date_gmt":"2017-06-27T12:20:49","guid":{"rendered":"https:\/\/mspontocom.com.br\/site\/?p=122656"},"modified":"2017-06-27T07:19:04","modified_gmt":"2017-06-27T11:19:04","slug":"campo-grandeprefeitura-contrata-professores-de-recursos-multifuncionais","status":"publish","type":"post","link":"https:\/\/mspontocom.com.br\/site\/campo-grandeprefeitura-contrata-professores-de-recursos-multifuncionais\/","title":{"rendered":"Campo Grande:Prefeitura contrata professores de recursos multifuncionais"},"content":{"rendered":"<p style=\"text-align: justify;\"><a href=\"https:\/\/mspontocom.com.br\/site\/wp-content\/uploads\/2017\/06\/EDUCA\u00c7\u00c3O22.png\"><img loading=\"lazy\" class=\"alignleft size-full wp-image-122657\" alt=\"EDUCA\u00c7\u00c3O2\" src=\"https:\/\/mspontocom.com.br\/site\/wp-content\/uploads\/2017\/06\/EDUCA\u00c7\u00c3O22.png\" width=\"300\" height=\"200\" \/><\/a>A Prefeitura Municipal de Campo Grande por meio da Secretaria \u00a0de Educa\u00e7\u00e3o \u00a0publicou edital de abertura para inscri\u00e7\u00e3o do <strong>Processo Seletivo Simplificado<\/strong>, para professores interessados em atuar nas salas de <strong>recursos multifuncionais<\/strong> das escolas da Rede Municipal de Ensino.<\/p>\n<p style=\"text-align: justify;\">O edital visa a <strong>contrata\u00e7\u00e3o tempor\u00e1ria por tempo determinado<\/strong>, para professores com pelo menos um v\u00ednculo est\u00e1vel e com disponibilidade para lota\u00e7\u00e3o de 40 horas semanais, designado para a fun\u00e7\u00e3o de professor especializado em sala de recursos multifuncionais.<\/p>\n<p style=\"text-align: justify;\">Poder\u00e3o se inscrever profissionais da educa\u00e7\u00e3o da Rede Municipal, efetivos do quadro permanente do magist\u00e9rio que tenham conclu\u00eddo o est\u00e1gio probat\u00f3rio da REME.<\/p>\n<p style=\"text-align: justify;\">As inscri\u00e7\u00f5es ser\u00e3o realizadas nos dias 29 e 30 de junho de 2017, das 7h30mim \u00e0s 17h.<\/p>\n<p style=\"text-align: justify;\">Os locais de inscri\u00e7\u00e3o est\u00e3o dispon\u00edveis na pagina 08 do Diogrande. de\u00a0segunda-feira (26)<\/p>\n<p style=\"text-align: justify;\">O resultado: ser\u00e1 divulgado no dia 8 de agosto de 2017, no site www.capital.\u00a0<a href=\"https:\/\/ms.gov.br\/semed\">ms.gov.br\/semed<\/a>, da Secretaria Municipal de Educa\u00e7\u00e3o do Munic\u00edpio de Campo Grande .<\/p>\n<p style=\"text-align: justify;\">\n","protected":false},"excerpt":{"rendered":"<p>A Prefeitura Municipal de Campo Grande por meio da Secretaria \u00a0de Educa\u00e7\u00e3o \u00a0publicou edital de abertura para inscri\u00e7\u00e3o do Processo Seletivo Simplificado, para professores interessados em atuar nas salas de recursos multifuncionais das escolas da Rede Municipal de Ensino. O edital visa a contrata\u00e7\u00e3o tempor\u00e1ria por tempo determinado, para professores com pelo menos um v\u00ednculo [&hellip;]<\/p>\n","protected":false},"author":2,"featured_media":0,"comment_status":"open","ping_status":"open","sticky":false,"template":"","format":"standard","meta":{"_monsterinsights_skip_tracking":false,"_monsterinsights_sitenote_active":false,"_monsterinsights_sitenote_note":"","_monsterinsights_sitenote_category":0},"categories":[4328,76],"tags":[123,104,6587,165,2960,29379],"aioseo_notices":[],"_links":{"self":[{"href":"https:\/\/mspontocom.com.br\/site\/wp-json\/wp\/v2\/posts\/122656"}],"collection":[{"href":"https:\/\/mspontocom.com.br\/site\/wp-json\/wp\/v2\/posts"}],"about":[{"href":"https:\/\/mspontocom.com.br\/site\/wp-json\/wp\/v2\/types\/post"}],"author":[{"embeddable":true,"href":"https:\/\/mspontocom.com.br\/site\/wp-json\/wp\/v2\/users\/2"}],"replies":[{"embeddable":true,"href":"https:\/\/mspontocom.com.br\/site\/wp-json\/wp\/v2\/comments?post=122656"}],"version-history":[{"count":0,"href":"https:\/\/mspontocom.com.br\/site\/wp-json\/wp\/v2\/posts\/122656\/revisions"}],"wp:attachment":[{"href":"https:\/\/mspontocom.com.br\/site\/wp-json\/wp\/v2\/media?parent=122656"}],"wp:term":[{"taxonomy":"category","embeddable":true,"href":"https:\/\/mspontocom.com.br\/site\/wp-json\/wp\/v2\/categories?post=122656"},{"taxonomy":"post_tag","embeddable":true,"href":"https:\/\/mspontocom.com.br\/site\/wp-json\/wp\/v2\/tags?post=122656"}],"curies":[{"name":"wp","href":"https:\/\/api.w.org\/{rel}","templated":true}]}}