{"id":122686,"date":"2017-06-27T17:13:56","date_gmt":"2017-06-27T21:13:56","guid":{"rendered":"https:\/\/mspontocom.com.br\/site\/?p=122686"},"modified":"2017-06-27T14:51:55","modified_gmt":"2017-06-27T18:51:55","slug":"com-participacao-de-brasileiros-missao-espacial-busca-novas-terras","status":"publish","type":"post","link":"https:\/\/mspontocom.com.br\/site\/com-participacao-de-brasileiros-missao-espacial-busca-novas-terras\/","title":{"rendered":"Com participa\u00e7\u00e3o de brasileiros, miss\u00e3o espacial busca novas Terras"},"content":{"rendered":"<p style=\"text-align: justify;\"><a href=\"https:\/\/mspontocom.com.br\/site\/wp-content\/uploads\/2017\/06\/exo.jpg\"><img loading=\"lazy\" class=\"alignleft size-full wp-image-122687\" alt=\"exo\" src=\"https:\/\/mspontocom.com.br\/site\/wp-content\/uploads\/2017\/06\/exo.jpg\" width=\"600\" height=\"400\" \/><\/a>A <strong>Ag\u00eancia Espacial Europeia (ESA)<\/strong> selecionou a miss\u00e3o PLATO para iniciar seu\u00a0desenvolvimento e\u00a0tem o objetivo de procurar exoplanetas.<\/p>\n<p style=\"text-align: justify;\"><span style=\"color: #ff0000;\">\u201cPLATO buscar\u00e1 por exoplanetas pelo m\u00e9todo dos tr\u00e2nsitos, mas o far\u00e1 com muito mais precis\u00e3o que os experimentos anteriores&#8221;<\/span>, explicou Eduardo Janot Pacheco, astr\u00f4nomo da\u00a0Universidade\u00a0de S\u00e3o Paulo e coordenador do programa no Brasil.<\/p>\n<p style=\"text-align: justify;\">\u00canfase especial ser\u00e1 dada \u00e0 busca de planetas do tipo terrestre orbitando g\u00eameas solares em sua zona habit\u00e1vel \u2013 isto \u00e9, em dist\u00e2ncias da estrela que possibilitem a exist\u00eancia de \u00e1gua l\u00edquida na superf\u00edcie do planeta.<\/p>\n<p style=\"text-align: justify;\">Diversos centros de pesquisa brasileiros j\u00e1 colaboram com a miss\u00e3o PLATO, com contribui\u00e7\u00f5es cient\u00edficas e de engenharia (software e hardware).<\/p>\n<p style=\"text-align: justify;\"><span style=\"color: #ff0000;\">\u201cCom isso, teremos acesso aos dados do sat\u00e9lite, num regime de compartilhamento com os outros pa\u00edses que fazem parte do projeto\u201d<\/span>, afirmou Janot.<\/p>\n<p>O desenvolvimento de PLATO ser\u00e1 feito pelo Programa Cient\u00edfico da ESA, que o selecionou como seu projeto m\u00e9dio do ciclo \u201cCosmic Vision 2015\u201325\u201d, e a previs\u00e3o de lan\u00e7amento \u00e9 2026.<\/p>\n","protected":false},"excerpt":{"rendered":"<p>A Ag\u00eancia Espacial Europeia (ESA) selecionou a miss\u00e3o PLATO para iniciar seu\u00a0desenvolvimento e\u00a0tem o objetivo de procurar exoplanetas. \u201cPLATO buscar\u00e1 por exoplanetas pelo m\u00e9todo dos tr\u00e2nsitos, mas o far\u00e1 com muito mais precis\u00e3o que os experimentos anteriores&#8221;, explicou Eduardo Janot Pacheco, astr\u00f4nomo da\u00a0Universidade\u00a0de S\u00e3o Paulo e coordenador do programa no Brasil. \u00canfase especial ser\u00e1 dada [&hellip;]<\/p>\n","protected":false},"author":2,"featured_media":0,"comment_status":"open","ping_status":"open","sticky":false,"template":"","format":"standard","meta":{"_monsterinsights_skip_tracking":false,"_monsterinsights_sitenote_active":false,"_monsterinsights_sitenote_note":"","_monsterinsights_sitenote_category":0},"categories":[7752],"tags":[15027,359,14120,29386,7916,21760,6587,29387],"aioseo_notices":[],"_links":{"self":[{"href":"https:\/\/mspontocom.com.br\/site\/wp-json\/wp\/v2\/posts\/122686"}],"collection":[{"href":"https:\/\/mspontocom.com.br\/site\/wp-json\/wp\/v2\/posts"}],"about":[{"href":"https:\/\/mspontocom.com.br\/site\/wp-json\/wp\/v2\/types\/post"}],"author":[{"embeddable":true,"href":"https:\/\/mspontocom.com.br\/site\/wp-json\/wp\/v2\/users\/2"}],"replies":[{"embeddable":true,"href":"https:\/\/mspontocom.com.br\/site\/wp-json\/wp\/v2\/comments?post=122686"}],"version-history":[{"count":0,"href":"https:\/\/mspontocom.com.br\/site\/wp-json\/wp\/v2\/posts\/122686\/revisions"}],"wp:attachment":[{"href":"https:\/\/mspontocom.com.br\/site\/wp-json\/wp\/v2\/media?parent=122686"}],"wp:term":[{"taxonomy":"category","embeddable":true,"href":"https:\/\/mspontocom.com.br\/site\/wp-json\/wp\/v2\/categories?post=122686"},{"taxonomy":"post_tag","embeddable":true,"href":"https:\/\/mspontocom.com.br\/site\/wp-json\/wp\/v2\/tags?post=122686"}],"curies":[{"name":"wp","href":"https:\/\/api.w.org\/{rel}","templated":true}]}}