{"id":123460,"date":"2017-07-20T07:21:46","date_gmt":"2017-07-20T11:21:46","guid":{"rendered":"https:\/\/mspontocom.com.br\/site\/?p=123460"},"modified":"2017-07-20T07:21:46","modified_gmt":"2017-07-20T11:21:46","slug":"depois-da-farra-de-gastos-governo-temer-vai-aumentar-impostos","status":"publish","type":"post","link":"https:\/\/mspontocom.com.br\/site\/depois-da-farra-de-gastos-governo-temer-vai-aumentar-impostos\/","title":{"rendered":"Depois da farra de gastos, Governo Temer vai aumentar impostos"},"content":{"rendered":"<p style=\"text-align: justify;\"><a href=\"https:\/\/mspontocom.com.br\/site\/wp-content\/uploads\/2017\/07\/temer12.jpg\"><img loading=\"lazy\" class=\"alignleft size-full wp-image-123461\" alt=\"temer1\" src=\"https:\/\/mspontocom.com.br\/site\/wp-content\/uploads\/2017\/07\/temer12.jpg\" width=\"611\" height=\"540\" \/><\/a>Depois de liberar R$ 1,8 bilh\u00f5es em emendas parlamentares para barrar cassa\u00e7\u00e3o na CCJ e ser anuente no Refis que libera d\u00edvidas de RS 533 milh\u00f5es de empres\u00e1rios e pol\u00edticos, o Governo Temer vai aumentar impostos.<\/p>\n<p style=\"text-align: justify;\">O governo decidiu que ser\u00e1 necess\u00e1rio <strong>aumentar o PIS\/Cofins<\/strong> incidente sobre combust\u00edveis para garantir o cumprimento da meta fiscal deste ano, de d\u00e9ficit de R$ 139 bilh\u00f5es, segundo o jornal o Estado de S\u00e3o Paulo.<\/p>\n<p style=\"text-align: justify;\">O governo tamb\u00e9m avalia a possibilidade de elevar outro tributo para fechar as contas, j\u00e1 que o governo tem um buraco de aproximadamente\u00a0R$ 10 bilh\u00f5es para cobrir no Or\u00e7amento de 2017.<\/p>\n<p style=\"text-align: justify;\">A avalia\u00e7\u00e3o no Planalto \u00e9 de que, como as receitas previstas pela \u00e1rea econ\u00f4mica n\u00e3o se confirmaram, um aumento de, por exemplo, <strong>R$ 0,10 no pre\u00e7o do litro da gasolina n\u00e3o teria grande impacto no bolso do consumidor<\/strong> e ainda ajudaria as contas p\u00fablicas.<\/p>\n<p style=\"text-align: justify;\">A decis\u00e3o sobre a eleva\u00e7\u00e3o de outro tributo n\u00e3o est\u00e1 fechada e ser\u00e1 tomada hoje em reuni\u00e3o com o presidente Michel Temer.<\/p>\n<p style=\"text-align: justify;\">O aumento de impostos ter\u00e1 que ser publicado no Di\u00e1rio Oficial da Uni\u00e3o, numa edi\u00e7\u00e3o di\u00e1ria ou extraordin\u00e1ria.<\/p>\n<p style=\"text-align: justify;\">\n","protected":false},"excerpt":{"rendered":"<p>Depois de liberar R$ 1,8 bilh\u00f5es em emendas parlamentares para barrar cassa\u00e7\u00e3o na CCJ e ser anuente no Refis que libera d\u00edvidas de RS 533 milh\u00f5es de empres\u00e1rios e pol\u00edticos, o Governo Temer vai aumentar impostos. O governo decidiu que ser\u00e1 necess\u00e1rio aumentar o PIS\/Cofins incidente sobre combust\u00edveis para garantir o cumprimento da meta fiscal [&hellip;]<\/p>\n","protected":false},"author":2,"featured_media":123461,"comment_status":"open","ping_status":"open","sticky":false,"template":"","format":"standard","meta":{"_monsterinsights_skip_tracking":false,"_monsterinsights_sitenote_active":false,"_monsterinsights_sitenote_note":"","_monsterinsights_sitenote_category":0},"categories":[6,15,12],"tags":[1245,29539,78,515,6587,155],"aioseo_notices":[],"_links":{"self":[{"href":"https:\/\/mspontocom.com.br\/site\/wp-json\/wp\/v2\/posts\/123460"}],"collection":[{"href":"https:\/\/mspontocom.com.br\/site\/wp-json\/wp\/v2\/posts"}],"about":[{"href":"https:\/\/mspontocom.com.br\/site\/wp-json\/wp\/v2\/types\/post"}],"author":[{"embeddable":true,"href":"https:\/\/mspontocom.com.br\/site\/wp-json\/wp\/v2\/users\/2"}],"replies":[{"embeddable":true,"href":"https:\/\/mspontocom.com.br\/site\/wp-json\/wp\/v2\/comments?post=123460"}],"version-history":[{"count":0,"href":"https:\/\/mspontocom.com.br\/site\/wp-json\/wp\/v2\/posts\/123460\/revisions"}],"wp:featuredmedia":[{"embeddable":true,"href":"https:\/\/mspontocom.com.br\/site\/wp-json\/wp\/v2\/media\/123461"}],"wp:attachment":[{"href":"https:\/\/mspontocom.com.br\/site\/wp-json\/wp\/v2\/media?parent=123460"}],"wp:term":[{"taxonomy":"category","embeddable":true,"href":"https:\/\/mspontocom.com.br\/site\/wp-json\/wp\/v2\/categories?post=123460"},{"taxonomy":"post_tag","embeddable":true,"href":"https:\/\/mspontocom.com.br\/site\/wp-json\/wp\/v2\/tags?post=123460"}],"curies":[{"name":"wp","href":"https:\/\/api.w.org\/{rel}","templated":true}]}}