{"id":123660,"date":"2017-07-26T13:37:53","date_gmt":"2017-07-26T17:37:53","guid":{"rendered":"https:\/\/mspontocom.com.br\/site\/?p=123660"},"modified":"2017-07-26T13:37:53","modified_gmt":"2017-07-26T17:37:53","slug":"seu-combustivel-gasto-do-governo-com-pessoal-e-de-r-284-bi-por-ano","status":"publish","type":"post","link":"https:\/\/mspontocom.com.br\/site\/seu-combustivel-gasto-do-governo-com-pessoal-e-de-r-284-bi-por-ano\/","title":{"rendered":"Seu combust\u00edvel: Gasto do Governo com pessoal \u00e9 de R$ 284 bi por ano"},"content":{"rendered":"<p style=\"text-align: justify;\"><a href=\"https:\/\/mspontocom.com.br\/site\/wp-content\/uploads\/2017\/07\/posto.jpg\"><img loading=\"lazy\" class=\"alignleft size-full wp-image-123661\" alt=\"posto\" src=\"https:\/\/mspontocom.com.br\/site\/wp-content\/uploads\/2017\/07\/posto.jpg\" width=\"620\" height=\"465\" \/><\/a>O <strong>Programa de Demiss\u00e3o Volunt\u00e1ria (PDV)<\/strong> do governo federal \u00a0ter\u00e1 economia prevista de R$1 bilh\u00e3o \u00a0que \u00e9 quase irrelevante, considerando gastos com pessoal a cada ano:<span style=\"color: #ff0000;\"><strong> R$284 bilh\u00f5es. <\/strong><\/span><\/p>\n<p style=\"text-align: justify;\">O governo Michel Temer agora tenta economizar R$1 bilh\u00e3o, <strong>mas em 2017 j\u00e1 aumentou a despesa com pessoal em R$15 bilh\u00f5es.<\/strong><\/p>\n<p style=\"text-align: justify;\">O governo ter\u00e1 dificuldade de convencer os servidores a abandonar servi\u00e7o p\u00fablico federal, <strong>que paga 80,1% a mais que o setor privado.<\/strong><\/p>\n<p style=\"text-align: justify;\">Temer conta lorota quando divulga que aumentar impostos \u201c\u00e9 a \u00fanica alternativa\u201d para fechar as contas.<\/p>\n<p style=\"text-align: justify;\">Antes dessa op\u00e7\u00e3o, deveria cortar gastos, inclusive de<strong> benesses para ocupantes de cargos e fun\u00e7\u00f5es comissionados,<\/strong> como carro com motorista, resid\u00eancias funcionais compradas e mantidas pelo poder p\u00fablico, \u201caux\u00edlio moradia\u201d para v\u00e1rias categorias, passagens a\u00e9reas de primeira classe etc.<\/p>\n<p style=\"text-align: justify;\">fonte: Di\u00e1rio do Poder<\/p>\n","protected":false},"excerpt":{"rendered":"<p>O Programa de Demiss\u00e3o Volunt\u00e1ria (PDV) do governo federal \u00a0ter\u00e1 economia prevista de R$1 bilh\u00e3o \u00a0que \u00e9 quase irrelevante, considerando gastos com pessoal a cada ano: R$284 bilh\u00f5es. O governo Michel Temer agora tenta economizar R$1 bilh\u00e3o, mas em 2017 j\u00e1 aumentou a despesa com pessoal em R$15 bilh\u00f5es. O governo ter\u00e1 dificuldade de convencer [&hellip;]<\/p>\n","protected":false},"author":2,"featured_media":0,"comment_status":"open","ping_status":"open","sticky":false,"template":"","format":"standard","meta":{"_monsterinsights_skip_tracking":false,"_monsterinsights_sitenote_active":false,"_monsterinsights_sitenote_note":"","_monsterinsights_sitenote_category":0},"categories":[6,15,12],"tags":[21793,25422,78,6587,26511,29571,29570],"aioseo_notices":[],"_links":{"self":[{"href":"https:\/\/mspontocom.com.br\/site\/wp-json\/wp\/v2\/posts\/123660"}],"collection":[{"href":"https:\/\/mspontocom.com.br\/site\/wp-json\/wp\/v2\/posts"}],"about":[{"href":"https:\/\/mspontocom.com.br\/site\/wp-json\/wp\/v2\/types\/post"}],"author":[{"embeddable":true,"href":"https:\/\/mspontocom.com.br\/site\/wp-json\/wp\/v2\/users\/2"}],"replies":[{"embeddable":true,"href":"https:\/\/mspontocom.com.br\/site\/wp-json\/wp\/v2\/comments?post=123660"}],"version-history":[{"count":0,"href":"https:\/\/mspontocom.com.br\/site\/wp-json\/wp\/v2\/posts\/123660\/revisions"}],"wp:attachment":[{"href":"https:\/\/mspontocom.com.br\/site\/wp-json\/wp\/v2\/media?parent=123660"}],"wp:term":[{"taxonomy":"category","embeddable":true,"href":"https:\/\/mspontocom.com.br\/site\/wp-json\/wp\/v2\/categories?post=123660"},{"taxonomy":"post_tag","embeddable":true,"href":"https:\/\/mspontocom.com.br\/site\/wp-json\/wp\/v2\/tags?post=123660"}],"curies":[{"name":"wp","href":"https:\/\/api.w.org\/{rel}","templated":true}]}}