{"id":123687,"date":"2017-07-27T10:33:51","date_gmt":"2017-07-27T14:33:51","guid":{"rendered":"https:\/\/mspontocom.com.br\/site\/?p=123687"},"modified":"2017-07-28T06:39:10","modified_gmt":"2017-07-28T10:39:10","slug":"oab-vai-entrar-na-justica-contra-aumento-dos-combustiveis","status":"publish","type":"post","link":"https:\/\/mspontocom.com.br\/site\/oab-vai-entrar-na-justica-contra-aumento-dos-combustiveis\/","title":{"rendered":"OAB vai entrar na Justi\u00e7a contra aumento dos combust\u00edveis"},"content":{"rendered":"<p style=\"text-align: justify;\"><a href=\"https:\/\/mspontocom.com.br\/site\/wp-content\/uploads\/2017\/07\/oab.jpg\"><img loading=\"lazy\" class=\"alignleft size-full wp-image-123688\" alt=\"oab\" src=\"https:\/\/mspontocom.com.br\/site\/wp-content\/uploads\/2017\/07\/oab.jpg\" width=\"550\" height=\"350\" \/><\/a>O presidente da <strong>OAB (Ordem dos Advogados do Brasil),<\/strong> Cl\u00e1udio Lamachia, quer que a entidade entre na Justi\u00e7a contra o reajuste dos tributos do PIS \u00a0e do Cofins \u00a0realizado na \u00faltima quinta-feira (20), que incide sobre o <strong>pre\u00e7o dos combust\u00edveis.<\/strong><\/p>\n<p style=\"text-align: justify;\">Lamachia teria pedido nesta quarta-feira (26) que a \u00e1rea t\u00e9cnica da <strong>OAB<\/strong> come\u00e7asse a montar uma pe\u00e7a para contestar judicialmente o aumento do PIS\/Cofins sobre os combust\u00edveis, feito por meio de decreto presidencial.<\/p>\n<p style=\"text-align: justify;\">Na \u00faltima ter\u00e7a-feira (25), \u00a0o juiz da 20\u00aa Vara Federal de Bras\u00edlia, Renato Borelli, concedeu uma liminar que suspendeu momentaneamente o reajuste dos impostos em todo o Brasil.<\/p>\n<p style=\"text-align: justify;\">Na quarta-feira (25) a liminar fosse anulada, por decis\u00e3o do desembargador Hilton Queiroz, presidente do TRF1<\/p>\n<p>&nbsp;<\/p>\n<p>As informa\u00e7\u00f5es s\u00e3o do jornal Folha de S. Paulo.<\/p>\n","protected":false},"excerpt":{"rendered":"<p>O presidente da OAB (Ordem dos Advogados do Brasil), Cl\u00e1udio Lamachia, quer que a entidade entre na Justi\u00e7a contra o reajuste dos tributos do PIS \u00a0e do Cofins \u00a0realizado na \u00faltima quinta-feira (20), que incide sobre o pre\u00e7o dos combust\u00edveis. Lamachia teria pedido nesta quarta-feira (26) que a \u00e1rea t\u00e9cnica da OAB come\u00e7asse a montar [&hellip;]<\/p>\n","protected":false},"author":2,"featured_media":0,"comment_status":"open","ping_status":"open","sticky":false,"template":"","format":"standard","meta":{"_monsterinsights_skip_tracking":false,"_monsterinsights_sitenote_active":false,"_monsterinsights_sitenote_note":"","_monsterinsights_sitenote_category":0},"categories":[15,12],"tags":[29573,25082,1350,6587,872],"aioseo_notices":[],"_links":{"self":[{"href":"https:\/\/mspontocom.com.br\/site\/wp-json\/wp\/v2\/posts\/123687"}],"collection":[{"href":"https:\/\/mspontocom.com.br\/site\/wp-json\/wp\/v2\/posts"}],"about":[{"href":"https:\/\/mspontocom.com.br\/site\/wp-json\/wp\/v2\/types\/post"}],"author":[{"embeddable":true,"href":"https:\/\/mspontocom.com.br\/site\/wp-json\/wp\/v2\/users\/2"}],"replies":[{"embeddable":true,"href":"https:\/\/mspontocom.com.br\/site\/wp-json\/wp\/v2\/comments?post=123687"}],"version-history":[{"count":0,"href":"https:\/\/mspontocom.com.br\/site\/wp-json\/wp\/v2\/posts\/123687\/revisions"}],"wp:attachment":[{"href":"https:\/\/mspontocom.com.br\/site\/wp-json\/wp\/v2\/media?parent=123687"}],"wp:term":[{"taxonomy":"category","embeddable":true,"href":"https:\/\/mspontocom.com.br\/site\/wp-json\/wp\/v2\/categories?post=123687"},{"taxonomy":"post_tag","embeddable":true,"href":"https:\/\/mspontocom.com.br\/site\/wp-json\/wp\/v2\/tags?post=123687"}],"curies":[{"name":"wp","href":"https:\/\/api.w.org\/{rel}","templated":true}]}}