{"id":124009,"date":"2017-08-07T13:56:58","date_gmt":"2017-08-07T17:56:58","guid":{"rendered":"https:\/\/mspontocom.com.br\/site\/?p=124009"},"modified":"2017-08-07T13:56:58","modified_gmt":"2017-08-07T17:56:58","slug":"maia-diz-que-nao-se-pode-continuar-endividando-o-estado","status":"publish","type":"post","link":"https:\/\/mspontocom.com.br\/site\/maia-diz-que-nao-se-pode-continuar-endividando-o-estado\/","title":{"rendered":"Maia diz que &#8220;N\u00e3o se pode continuar endividando o Estado&#8221;"},"content":{"rendered":"<p><a href=\"https:\/\/mspontocom.com.br\/site\/wp-content\/uploads\/2017\/08\/rodrigo.jpg\"><img loading=\"lazy\" class=\"alignleft size-full wp-image-124010\" alt=\"rodrigo\" src=\"https:\/\/mspontocom.com.br\/site\/wp-content\/uploads\/2017\/08\/rodrigo.jpg\" width=\"617\" height=\"353\" \/><\/a>O presidente da C\u00e2mara, <strong>Rodrigo Maia<\/strong> (DEM-RJ), reiterou nesta segunda-feira (7) que \u00e9 contra a possibilidade de mudan\u00e7a da meta fiscal do governo.<\/p>\n<p>Em entrevista \u00e0 r\u00e1dio CBN, o democrata disse entender alguns fatores conjunturais, como a queda da arrecada\u00e7\u00e3o e o aprofundamento da crise pol\u00edtica em meio \u00e0 retra\u00e7\u00e3o na atividade econ\u00f4mica.<\/p>\n<p><strong>Contudo, chamou aten\u00e7\u00e3o para as quest\u00f5es de longo prazo que ainda n\u00e3o foram resolvidas, como os gastos governamentais.\u00a0<\/strong><\/p>\n<p>&#8220;Precisamos ter a coragem de juntos, em qualquer discuss\u00e3o de meta (fiscal), de colocar na mesa a discuss\u00e3o dos gastos obrigat\u00f3rios do governo, que ningu\u00e9m consegue mexer nisso, incluindo a Previd\u00eancia.&#8221;<\/p>\n<p>Na entrevista, Maia defendeu que na discuss\u00e3o sobre eventuais aumentos de gastos \u00e9 preciso mostrar as solu\u00e7\u00f5es de longo prazo para resolver o problema. <span style=\"color: #ff0000;\"><strong>&#8220;N\u00e3o se pode continuar endividando o Estado brasileiro e a sociedade pagando essa conta sem construir algo de longo prazo.&#8221;<\/strong><\/span><\/p>\n","protected":false},"excerpt":{"rendered":"<p>O presidente da C\u00e2mara, Rodrigo Maia (DEM-RJ), reiterou nesta segunda-feira (7) que \u00e9 contra a possibilidade de mudan\u00e7a da meta fiscal do governo. Em entrevista \u00e0 r\u00e1dio CBN, o democrata disse entender alguns fatores conjunturais, como a queda da arrecada\u00e7\u00e3o e o aprofundamento da crise pol\u00edtica em meio \u00e0 retra\u00e7\u00e3o na atividade econ\u00f4mica. Contudo, chamou [&hellip;]<\/p>\n","protected":false},"author":2,"featured_media":0,"comment_status":"open","ping_status":"open","sticky":false,"template":"","format":"standard","meta":{"_monsterinsights_skip_tracking":false,"_monsterinsights_sitenote_active":false,"_monsterinsights_sitenote_note":"","_monsterinsights_sitenote_category":0},"categories":[6,15,12],"tags":[29641,3645,147,6587,154,583,26768],"aioseo_notices":[],"_links":{"self":[{"href":"https:\/\/mspontocom.com.br\/site\/wp-json\/wp\/v2\/posts\/124009"}],"collection":[{"href":"https:\/\/mspontocom.com.br\/site\/wp-json\/wp\/v2\/posts"}],"about":[{"href":"https:\/\/mspontocom.com.br\/site\/wp-json\/wp\/v2\/types\/post"}],"author":[{"embeddable":true,"href":"https:\/\/mspontocom.com.br\/site\/wp-json\/wp\/v2\/users\/2"}],"replies":[{"embeddable":true,"href":"https:\/\/mspontocom.com.br\/site\/wp-json\/wp\/v2\/comments?post=124009"}],"version-history":[{"count":0,"href":"https:\/\/mspontocom.com.br\/site\/wp-json\/wp\/v2\/posts\/124009\/revisions"}],"wp:attachment":[{"href":"https:\/\/mspontocom.com.br\/site\/wp-json\/wp\/v2\/media?parent=124009"}],"wp:term":[{"taxonomy":"category","embeddable":true,"href":"https:\/\/mspontocom.com.br\/site\/wp-json\/wp\/v2\/categories?post=124009"},{"taxonomy":"post_tag","embeddable":true,"href":"https:\/\/mspontocom.com.br\/site\/wp-json\/wp\/v2\/tags?post=124009"}],"curies":[{"name":"wp","href":"https:\/\/api.w.org\/{rel}","templated":true}]}}