{"id":124410,"date":"2017-08-21T07:22:27","date_gmt":"2017-08-21T11:22:27","guid":{"rendered":"https:\/\/mspontocom.com.br\/site\/?p=124410"},"modified":"2017-08-21T07:22:27","modified_gmt":"2017-08-21T11:22:27","slug":"reducao-no-salario-minimo-vai-bancar-o-fundo-eleitoral-de-r-36-bilhoes","status":"publish","type":"post","link":"https:\/\/mspontocom.com.br\/site\/reducao-no-salario-minimo-vai-bancar-o-fundo-eleitoral-de-r-36-bilhoes\/","title":{"rendered":"Redu\u00e7\u00e3o no sal\u00e1rio m\u00ednimo vai bancar o fundo eleitoral de R$ 3,6 bilh\u00f5es"},"content":{"rendered":"<p style=\"text-align: justify;\"><a href=\"https:\/\/mspontocom.com.br\/site\/wp-content\/uploads\/2017\/08\/politicos.jpeg\"><img loading=\"lazy\" class=\"alignleft size-full wp-image-124411\" alt=\"politicos\" src=\"https:\/\/mspontocom.com.br\/site\/wp-content\/uploads\/2017\/08\/politicos.jpeg\" width=\"635\" height=\"313\" \/><\/a>A conta do fund\u00e3o eleitoral de R$ 3,6 bilh\u00f5es, costurado por pol\u00edticos no Congresso para bancar as campanhas de 2018, ser\u00e1 paga pelos trabalhadores mais pobres.<\/p>\n<p style=\"text-align: justify;\"><strong> O valor estipulado para o fundo p\u00fablico de campanha \u00e9 exatamente o mesmo que ser\u00e1 \u201ceconomizado\u201d com o corte no valor do sal\u00e1rio m\u00ednimo previsto para 2018.<\/strong><\/p>\n<p style=\"text-align: justify;\">A informa\u00e7\u00e3o \u00e9 do colunista Cl\u00e1udio Humberto, do\u00a0Di\u00e1rio do Poder.<\/p>\n<p style=\"text-align: justify;\">O governo reduziu o valor do sal\u00e1rio m\u00ednimo de 2018 de R$ 979 para R$ 969. Esses R$10 a menos ser\u00e3o a garantia de campanhas ricas.<\/p>\n<p style=\"text-align: justify;\">Ap\u00f3s a proibi\u00e7\u00e3o da doa\u00e7\u00e3o empresarial, o fund\u00e3o com dinheiro p\u00fablico \u00e9 o \u00fanico ponto de consenso no Congresso sobre a reforma pol\u00edtica.<\/p>\n<p style=\"text-align: justify;\">fonte: Di\u00e1rio do Poder<\/p>\n","protected":false},"excerpt":{"rendered":"<p>A conta do fund\u00e3o eleitoral de R$ 3,6 bilh\u00f5es, costurado por pol\u00edticos no Congresso para bancar as campanhas de 2018, ser\u00e1 paga pelos trabalhadores mais pobres. O valor estipulado para o fundo p\u00fablico de campanha \u00e9 exatamente o mesmo que ser\u00e1 \u201ceconomizado\u201d com o corte no valor do sal\u00e1rio m\u00ednimo previsto para 2018. A informa\u00e7\u00e3o [&hellip;]<\/p>\n","protected":false},"author":2,"featured_media":124411,"comment_status":"open","ping_status":"open","sticky":false,"template":"","format":"standard","meta":{"_monsterinsights_skip_tracking":false,"_monsterinsights_sitenote_active":false,"_monsterinsights_sitenote_note":"","_monsterinsights_sitenote_category":0},"categories":[6,15,12],"tags":[29723,29726,6587,24068,21922,1889],"aioseo_notices":[],"_links":{"self":[{"href":"https:\/\/mspontocom.com.br\/site\/wp-json\/wp\/v2\/posts\/124410"}],"collection":[{"href":"https:\/\/mspontocom.com.br\/site\/wp-json\/wp\/v2\/posts"}],"about":[{"href":"https:\/\/mspontocom.com.br\/site\/wp-json\/wp\/v2\/types\/post"}],"author":[{"embeddable":true,"href":"https:\/\/mspontocom.com.br\/site\/wp-json\/wp\/v2\/users\/2"}],"replies":[{"embeddable":true,"href":"https:\/\/mspontocom.com.br\/site\/wp-json\/wp\/v2\/comments?post=124410"}],"version-history":[{"count":0,"href":"https:\/\/mspontocom.com.br\/site\/wp-json\/wp\/v2\/posts\/124410\/revisions"}],"wp:featuredmedia":[{"embeddable":true,"href":"https:\/\/mspontocom.com.br\/site\/wp-json\/wp\/v2\/media\/124411"}],"wp:attachment":[{"href":"https:\/\/mspontocom.com.br\/site\/wp-json\/wp\/v2\/media?parent=124410"}],"wp:term":[{"taxonomy":"category","embeddable":true,"href":"https:\/\/mspontocom.com.br\/site\/wp-json\/wp\/v2\/categories?post=124410"},{"taxonomy":"post_tag","embeddable":true,"href":"https:\/\/mspontocom.com.br\/site\/wp-json\/wp\/v2\/tags?post=124410"}],"curies":[{"name":"wp","href":"https:\/\/api.w.org\/{rel}","templated":true}]}}