{"id":124500,"date":"2017-08-23T14:05:36","date_gmt":"2017-08-23T18:05:36","guid":{"rendered":"https:\/\/mspontocom.com.br\/site\/?p=124500"},"modified":"2017-08-23T13:21:36","modified_gmt":"2017-08-23T17:21:36","slug":"ms-publica-convenios-com-repasse-de-r-15-milhoes-para-obras-na-capital","status":"publish","type":"post","link":"https:\/\/mspontocom.com.br\/site\/ms-publica-convenios-com-repasse-de-r-15-milhoes-para-obras-na-capital\/","title":{"rendered":"MS publica conv\u00eanios com repasse de R$ 15 milh\u00f5es para obras na Capital"},"content":{"rendered":"<p style=\"text-align: justify;\"><a href=\"https:\/\/mspontocom.com.br\/site\/wp-content\/uploads\/2017\/08\/obras.jpg\"><img loading=\"lazy\" class=\"alignleft size-full wp-image-124501\" alt=\"obras\" src=\"https:\/\/mspontocom.com.br\/site\/wp-content\/uploads\/2017\/08\/obras.jpg\" width=\"620\" height=\"465\" srcset=\"https:\/\/mspontocom.com.br\/site\/wp-content\/uploads\/2017\/08\/obras.jpg 620w, https:\/\/mspontocom.com.br\/site\/wp-content\/uploads\/2017\/08\/obras-260x195.jpg 260w\" sizes=\"(max-width: 620px) 100vw, 620px\" \/><\/a>Conv\u00eanios com repasse estadual de R$ 15 milh\u00f5es para destravar R$ 180 milh\u00f5es em obras para Campo Grande foram publicados na edi\u00e7\u00e3o do Di\u00e1rio Oficial de Mato Grosso do Sul desta quarta-feira (23.08).<\/p>\n<p style=\"text-align: justify;\">O aporte foi feito para liberar os recursos federais e a execu\u00e7\u00e3o das obras ficar\u00e1 por conta da prefeitura.<\/p>\n<p style=\"text-align: justify;\"><strong>Termos<\/strong><\/p>\n<p style=\"text-align: justify;\">O primeiro termo tem o valor de R$ 9,5 milh\u00f5es para pavimenta\u00e7\u00e3o e qualifica\u00e7\u00e3o de vias nos bairros Nova Lima, Atl\u00e2ntico Sul, S\u00e3o Francisco, Bellinate, Jardim Semin\u00e1rio, Mata do Jacinto, S\u00edrio Liban\u00eas e Vila Nasser. Somados aos recursos federais, essas obras totalizam R$ 71,9 milh\u00f5es em investimentos.<\/p>\n<p style=\"text-align: justify;\">O segundo \u00e9 destinado \u00e0 urbaniza\u00e7\u00e3o do C\u00f3rrego B\u00e1lsamo a ser executada em duas etapas que somadas ir\u00e3o totalizar R$ 26,5 milh\u00f5es, sendo a contrapartida do Estado de R$ 3,1 milh\u00f5es.<\/p>\n<p style=\"text-align: justify;\">Outro conv\u00eanio garante as obras de recupera\u00e7\u00e3o no Complexo Anhandu\u00ed, Caba\u00e7a e Areias, onde ser\u00e3o feitas obras de restaura\u00e7\u00e3o de margens, galerias pluviais, recupera\u00e7\u00e3o de \u00e1reas \u00famidas, reservat\u00f3rio de amortecimento de cheias, urbaniza\u00e7\u00e3o de car\u00e1ter complementar e pavimenta\u00e7\u00e3o. A contrapartida estadual de R$ 900 mil integra o montante de R$ 57,7 milh\u00f5es incluindo os recursos federais.<b>\u00a0<\/b><\/p>\n<p style=\"text-align: justify;\"><b>Mobilidade urbana<\/b><\/p>\n<p style=\"text-align: justify;\">Ser\u00e3o tamb\u00e9m repassados \u00e0 prefeitura R$ 1,3 milh\u00f5es em recursos estaduais, como contrapartida aos investimentos de R$ 24 milh\u00f5es da Uni\u00e3o em mobilidade urbana.<\/p>\n<p style=\"text-align: justify;\">Eles incluir\u00e3o a implanta\u00e7\u00e3o de corredores de transporte em grandes avenidas da Capital &#8211; como a Cal\u00f3geras, a Gury Marques e a Rua Bahia.<\/p>\n<p style=\"text-align: justify;\">Na primeira via, o trecho beneficiado ser\u00e1 de 2,7 quil\u00f4metros da Avenida Mato Grosso at\u00e9 a Zahran.<\/p>\n<p style=\"text-align: justify;\">Na Gury Marques, ser\u00e3o 2,26 quil\u00f4metros de interven\u00e7\u00f5es \u2013 desde a Avenida Interlagos at\u00e9 o Terminal Guaicurus.<\/p>\n<p style=\"text-align: justify;\">J\u00e1 na Rua Bahia, ser\u00e1 implantado corredor de transporte em 1,75 quil\u00f4metros desde a Avenida Afonso Pena at\u00e9 a Coronel Antonino.<\/p>\n<p style=\"text-align: justify;\">A implanta\u00e7\u00e3o dos corredores de transporte incluir\u00e1 altera\u00e7\u00f5es no tr\u00e1fego dessas vias.<\/p>\n","protected":false},"excerpt":{"rendered":"<p>Conv\u00eanios com repasse estadual de R$ 15 milh\u00f5es para destravar R$ 180 milh\u00f5es em obras para Campo Grande foram publicados na edi\u00e7\u00e3o do Di\u00e1rio Oficial de Mato Grosso do Sul desta quarta-feira (23.08). O aporte foi feito para liberar os recursos federais e a execu\u00e7\u00e3o das obras ficar\u00e1 por conta da prefeitura. Termos O primeiro [&hellip;]<\/p>\n","protected":false},"author":2,"featured_media":124501,"comment_status":"open","ping_status":"open","sticky":false,"template":"","format":"standard","meta":{"_monsterinsights_skip_tracking":false,"_monsterinsights_sitenote_active":false,"_monsterinsights_sitenote_note":"","_monsterinsights_sitenote_category":0},"categories":[15],"tags":[123,1823,78,81,6587,120,28672,2786],"aioseo_notices":[],"_links":{"self":[{"href":"https:\/\/mspontocom.com.br\/site\/wp-json\/wp\/v2\/posts\/124500"}],"collection":[{"href":"https:\/\/mspontocom.com.br\/site\/wp-json\/wp\/v2\/posts"}],"about":[{"href":"https:\/\/mspontocom.com.br\/site\/wp-json\/wp\/v2\/types\/post"}],"author":[{"embeddable":true,"href":"https:\/\/mspontocom.com.br\/site\/wp-json\/wp\/v2\/users\/2"}],"replies":[{"embeddable":true,"href":"https:\/\/mspontocom.com.br\/site\/wp-json\/wp\/v2\/comments?post=124500"}],"version-history":[{"count":0,"href":"https:\/\/mspontocom.com.br\/site\/wp-json\/wp\/v2\/posts\/124500\/revisions"}],"wp:featuredmedia":[{"embeddable":true,"href":"https:\/\/mspontocom.com.br\/site\/wp-json\/wp\/v2\/media\/124501"}],"wp:attachment":[{"href":"https:\/\/mspontocom.com.br\/site\/wp-json\/wp\/v2\/media?parent=124500"}],"wp:term":[{"taxonomy":"category","embeddable":true,"href":"https:\/\/mspontocom.com.br\/site\/wp-json\/wp\/v2\/categories?post=124500"},{"taxonomy":"post_tag","embeddable":true,"href":"https:\/\/mspontocom.com.br\/site\/wp-json\/wp\/v2\/tags?post=124500"}],"curies":[{"name":"wp","href":"https:\/\/api.w.org\/{rel}","templated":true}]}}