{"id":126050,"date":"2017-10-17T13:00:30","date_gmt":"2017-10-17T16:00:30","guid":{"rendered":"https:\/\/mspontocom.com.br\/site\/?p=126050"},"modified":"2017-10-17T09:49:59","modified_gmt":"2017-10-17T12:49:59","slug":"ita-realiza-concurso-para-contratacao-de-professores","status":"publish","type":"post","link":"https:\/\/mspontocom.com.br\/site\/ita-realiza-concurso-para-contratacao-de-professores\/","title":{"rendered":"ITA realiza concurso para contrata\u00e7\u00e3o de professores"},"content":{"rendered":"<div style=\"text-align: justify;\"><a href=\"https:\/\/mspontocom.com.br\/site\/wp-content\/uploads\/2017\/10\/ita.jpg\"><img loading=\"lazy\" class=\"alignleft size-full wp-image-126051\" alt=\"ita\" src=\"https:\/\/mspontocom.com.br\/site\/wp-content\/uploads\/2017\/10\/ita.jpg\" width=\"600\" height=\"492\" \/><\/a>O <strong>Instituto Tecnol\u00f3gico de Aeron\u00e1utica (ITA)<\/strong>, em S\u00e3o Jos\u00e9 dos Campos, interior do Estado de S\u00e3o Paulo, est\u00e1 com inscri\u00e7\u00f5es abertas para o Concurso P\u00fablico de Provas e T\u00edtulos para o cargo efetivo de Professor em diversas \u00e1reas.<\/div>\n<div style=\"text-align: justify;\"><\/div>\n<div style=\"text-align: justify;\">As inscri\u00e7\u00f5es seguem abertas at\u00e9 o dia 31 de outubro.<\/div>\n<div style=\"text-align: justify;\"><\/div>\n<div style=\"text-align: justify;\">O ITA \u00e9 uma unidade da For\u00e7a A\u00e9rea Brasileira (FAB) e refer\u00eancia em excel\u00eancia no ensino de engenharia no Brasil.<\/div>\n<div style=\"text-align: justify;\"><\/div>\n<div style=\"text-align: justify;\">O concurso \u00e9 realizado em tr\u00eas etapas, sendo\u00a0elas: prova escrita associada \u00e0 forma\u00e7\u00e3o geral e espec\u00edfica; prova de t\u00edtulos; e uma prova did\u00e1tica que consistir\u00e1 em uma aula te\u00f3rica ministrada em n\u00edvel de gradua\u00e7\u00e3o.<\/div>\n<div style=\"text-align: justify;\"><\/div>\n<div style=\"text-align: justify;\"><strong>Remunera\u00e7\u00e3o<\/strong><\/div>\n<div style=\"text-align: justify;\"><\/div>\n<div style=\"text-align: justify;\">A remunera\u00e7\u00e3o inicial est\u00e1 de acordo com a Tabela de Remunera\u00e7\u00e3o dos Servidores P\u00fablicos Federais, Carreira de Magist\u00e9rio Superior, Dedica\u00e7\u00e3o Exclusiva.<\/div>\n<div style=\"text-align: justify;\"><\/div>\n<div style=\"text-align: justify;\">Para o cargo de Professor Adjunto A, o Vencimento B\u00e1sico \u00e9 de R$ 4.455,22 e a Retribui\u00e7\u00e3o por Titula\u00e7\u00e3o \u00e9 de R$ 5.130,45 (t\u00edtulo de doutor).<\/div>\n<div style=\"text-align: justify;\"><\/div>\n<div style=\"text-align: justify;\">Para o cargo de Professor Assistente A, o Vencimento B\u00e1sico \u00e9 de E# 4.455,22 e a Retribui\u00e7\u00e3o por Titula\u00e7\u00e3o \u00e9 de R$ 2.172,21 (t\u00edtulo de mestre).<\/div>\n<div style=\"text-align: justify;\"><\/div>\n<div style=\"text-align: justify;\"><strong>Servi\u00e7o<\/strong><\/div>\n<div style=\"text-align: justify;\"><\/div>\n<div style=\"text-align: justify;\">Para ter acesso a mais informa\u00e7\u00f5es e ao edital do concurso, acesse este\u00a0<a href=\"https:\/\/app.workr.com.br\/LinkOpen.aspx?mid=611f25c1-5e1e-4642-920e-b40b44aa81fd&amp;lid=yvyctJBa3UmO3nMLIscNrA==\" target=\"_blank\" data-saferedirecturl=\"https:\/\/www.google.com\/url?hl=pt-BR&amp;q=https:\/\/app.workr.com.br\/LinkOpen.aspx?mid%3D611f25c1-5e1e-4642-920e-b40b44aa81fd%26lid%3DyvyctJBa3UmO3nMLIscNrA%3D%3D&amp;source=gmail&amp;ust=1508323657248000&amp;usg=AFQjCNHDN7W2EHnx584GMuCtE06eEYHxow\">link<\/a>.<\/div>\n<div style=\"text-align: justify;\"><\/div>\n<div style=\"text-align: justify;\">fonte:\u00a0Divis\u00e3o de Comunica\u00e7\u00e3o Social &#8211; ITA<\/div>\n","protected":false},"excerpt":{"rendered":"<p>O Instituto Tecnol\u00f3gico de Aeron\u00e1utica (ITA), em S\u00e3o Jos\u00e9 dos Campos, interior do Estado de S\u00e3o Paulo, est\u00e1 com inscri\u00e7\u00f5es abertas para o Concurso P\u00fablico de Provas e T\u00edtulos para o cargo efetivo de Professor em diversas \u00e1reas. As inscri\u00e7\u00f5es seguem abertas at\u00e9 o dia 31 de outubro. O ITA \u00e9 uma unidade da For\u00e7a [&hellip;]<\/p>\n","protected":false},"author":2,"featured_media":0,"comment_status":"open","ping_status":"open","sticky":false,"template":"","format":"standard","meta":{"_monsterinsights_skip_tracking":false,"_monsterinsights_sitenote_active":false,"_monsterinsights_sitenote_note":"","_monsterinsights_sitenote_category":0},"categories":[7752,76],"tags":[4911,124,7083,104,11524,6587,2960],"aioseo_notices":[],"_links":{"self":[{"href":"https:\/\/mspontocom.com.br\/site\/wp-json\/wp\/v2\/posts\/126050"}],"collection":[{"href":"https:\/\/mspontocom.com.br\/site\/wp-json\/wp\/v2\/posts"}],"about":[{"href":"https:\/\/mspontocom.com.br\/site\/wp-json\/wp\/v2\/types\/post"}],"author":[{"embeddable":true,"href":"https:\/\/mspontocom.com.br\/site\/wp-json\/wp\/v2\/users\/2"}],"replies":[{"embeddable":true,"href":"https:\/\/mspontocom.com.br\/site\/wp-json\/wp\/v2\/comments?post=126050"}],"version-history":[{"count":0,"href":"https:\/\/mspontocom.com.br\/site\/wp-json\/wp\/v2\/posts\/126050\/revisions"}],"wp:attachment":[{"href":"https:\/\/mspontocom.com.br\/site\/wp-json\/wp\/v2\/media?parent=126050"}],"wp:term":[{"taxonomy":"category","embeddable":true,"href":"https:\/\/mspontocom.com.br\/site\/wp-json\/wp\/v2\/categories?post=126050"},{"taxonomy":"post_tag","embeddable":true,"href":"https:\/\/mspontocom.com.br\/site\/wp-json\/wp\/v2\/tags?post=126050"}],"curies":[{"name":"wp","href":"https:\/\/api.w.org\/{rel}","templated":true}]}}